{"id":5867,"date":"2024-11-25T14:31:39","date_gmt":"2024-11-25T19:31:39","guid":{"rendered":"https:\/\/ariap.org\/?p=5867"},"modified":"2025-03-21T11:55:29","modified_gmt":"2025-03-21T16:55:29","slug":"taller-de-educacion-comunitaria","status":"publish","type":"post","link":"https:\/\/ariap.org\/en\/taller-de-educacion-comunitaria\/","title":{"rendered":"TALLER DE EDUCACI\u00d3N COMUNITARIA &#8211; LIMA"},"content":{"rendered":"<div data-elementor-type=\"wp-post\" data-elementor-id=\"5867\" class=\"elementor elementor-5867\">\n\t\t\t\t\t\t<section class=\"elementor-section elementor-top-section elementor-element elementor-element-188cd6b9 elementor-section-stretched elementor-section-content-middle elementor-section-full_width elementor-section-height-default elementor-section-height-default\" data-id=\"188cd6b9\" data-element_type=\"section\" data-settings=\"{&quot;stretch_section&quot;:&quot;section-stretched&quot;,&quot;background_background&quot;:&quot;classic&quot;}\">\n\t\t\t\t\t\t\t<div class=\"elementor-background-overlay\"><\/div>\n\t\t\t\t\t\t\t<div class=\"elementor-container elementor-column-gap-default\">\n\t\t\t\t\t<div class=\"elementor-column elementor-col-100 elementor-top-column elementor-element elementor-element-2b4ade71\" data-id=\"2b4ade71\" data-element_type=\"column\">\n\t\t\t<div class=\"elementor-widget-wrap elementor-element-populated\">\n\t\t\t\t\t\t<div class=\"elementor-element elementor-element-6676355f elementor-widget elementor-widget-heading\" data-id=\"6676355f\" data-element_type=\"widget\" data-widget_type=\"heading.default\">\n\t\t\t\t<div class=\"elementor-widget-container\">\n\t\t\t\t\t<h1 class=\"elementor-heading-title elementor-size-default\">Taller de Educaci\u00f3n Comunitaria<\/h1>\t\t\t\t<\/div>\n\t\t\t\t<\/div>\n\t\t\t\t\t<\/div>\n\t\t<\/div>\n\t\t\t\t\t<\/div>\n\t\t<\/section>\n\t\t\t\t<section class=\"elementor-section elementor-top-section elementor-element elementor-element-2c869b4 elementor-section-full_width elementor-section-height-default elementor-section-height-default\" data-id=\"2c869b4\" data-element_type=\"section\">\n\t\t\t\t\t\t<div class=\"elementor-container elementor-column-gap-default\">\n\t\t\t\t\t<div class=\"elementor-column elementor-col-50 elementor-top-column elementor-element elementor-element-31682b3\" data-id=\"31682b3\" data-element_type=\"column\">\n\t\t\t<div class=\"elementor-widget-wrap elementor-element-populated\">\n\t\t\t\t\t\t<section class=\"elementor-section elementor-inner-section elementor-element elementor-element-6a96b6e elementor-section-full_width elementor-section-height-default elementor-section-height-default\" data-id=\"6a96b6e\" data-element_type=\"section\">\n\t\t\t\t\t\t<div class=\"elementor-container elementor-column-gap-default\">\n\t\t\t\t\t<div class=\"elementor-column elementor-col-50 elementor-inner-column elementor-element elementor-element-3719db8\" data-id=\"3719db8\" data-element_type=\"column\">\n\t\t\t<div class=\"elementor-widget-wrap elementor-element-populated\">\n\t\t\t\t\t\t<div class=\"elementor-element elementor-element-6c0da27 elementor-widget elementor-widget-text-editor\" data-id=\"6c0da27\" data-element_type=\"widget\" data-widget_type=\"text-editor.default\">\n\t\t\t\t<div class=\"elementor-widget-container\">\n\t\t\t\t\t\t\t\t\t<p class=\"MsoNormal\" style=\"margin: 0px; padding: 0px; font-weight: 400; color: #5c5c5c; font-size: 15px; line-height: 1.5m; font-family: Jost, sans-serif; box-sizing: border-box; font-style: normal; font-variant-ligatures: normal; font-variant-caps: normal; letter-spacing: normal; orphans: 2; text-align: start; text-indent: 0px; text-transform: none; widows: 2; word-spacing: 0px; -webkit-text-stroke-width: 0px; white-space: normal; background-color: #ffffff; text-decoration-thickness: initial; text-decoration-style: initial; text-decoration-color: initial;\">El Taller de Educaci\u00f3n Comunitaria desarrollado en la ciudad de Lima los d\u00edas 15 y 16 de noviembre del 2024 fue muy enriquecedor para Ariap. Durante los dos d\u00edas de taller el desarrollo se centro en la propuesta del informe de la continuidad y avances del trabajo por la pol\u00edtica de educaci\u00f3n comunitaria que, ya se encuentra en proceso de reconocimiento por el Ministerio de Educaci\u00f3n.<\/p>\t\t\t\t\t\t\t\t<\/div>\n\t\t\t\t<\/div>\n\t\t\t\t\t<\/div>\n\t\t<\/div>\n\t\t\t\t<div class=\"elementor-column elementor-col-50 elementor-inner-column elementor-element elementor-element-9f10798\" data-id=\"9f10798\" data-element_type=\"column\">\n\t\t\t<div class=\"elementor-widget-wrap elementor-element-populated\">\n\t\t\t\t\t\t<div class=\"elementor-element elementor-element-215d42b elementor-widget elementor-widget-text-editor\" data-id=\"215d42b\" data-element_type=\"widget\" data-widget_type=\"text-editor.default\">\n\t\t\t\t<div class=\"elementor-widget-container\">\n\t\t\t\t\t\t\t\t\t<p class=\"MsoNormal\" style=\"text-align: justify;\">Tambi\u00e9n se hable en cuanto a la necesidad de difundir la educaci\u00f3n comunitaria desde los contextos familiares, locales y regionales que significar\u00edan la descolonizaci\u00f3n de la educaci\u00f3n, haciendo uso de las diferentes redes sociales u otros medios, promoviendo la activa participaci\u00f3n de j\u00f3venes y adultos, as\u00ed como tambi\u00e9n involucrando a la sociedad civil y generando un di\u00e1logo intersectorial a partir de la cultura, educaci\u00f3n, salud, agricultura y turismo.<\/p><div>\u00a0<\/div>\t\t\t\t\t\t\t\t<\/div>\n\t\t\t\t<\/div>\n\t\t\t\t\t<\/div>\n\t\t<\/div>\n\t\t\t\t\t<\/div>\n\t\t<\/section>\n\t\t\t\t<section class=\"elementor-section elementor-inner-section elementor-element elementor-element-b736897 elementor-section-full_width elementor-section-height-default elementor-section-height-default\" data-id=\"b736897\" data-element_type=\"section\">\n\t\t\t\t\t\t<div class=\"elementor-container elementor-column-gap-default\">\n\t\t\t\t\t<div class=\"elementor-column elementor-col-50 elementor-inner-column elementor-element elementor-element-06c0e66\" data-id=\"06c0e66\" data-element_type=\"column\">\n\t\t\t<div class=\"elementor-widget-wrap elementor-element-populated\">\n\t\t\t\t\t\t<div class=\"elementor-element elementor-element-b317318 elementor-widget elementor-widget-image\" data-id=\"b317318\" data-element_type=\"widget\" data-widget_type=\"image.default\">\n\t\t\t\t<div class=\"elementor-widget-container\">\n\t\t\t\t\t\t\t\t\t\t\t\t\t\t\t<img fetchpriority=\"high\" decoding=\"async\" width=\"768\" height=\"576\" src=\"https:\/\/ariap.org\/wp-content\/uploads\/2024\/12\/Taller-de-Educacion-Comunitaria-02-768x576.jpg\" class=\"attachment-medium_large size-medium_large wp-image-5878\" alt=\"\" srcset=\"https:\/\/ariap.org\/wp-content\/uploads\/2024\/12\/Taller-de-Educacion-Comunitaria-02-768x576.jpg 768w, https:\/\/ariap.org\/wp-content\/uploads\/2024\/12\/Taller-de-Educacion-Comunitaria-02-300x225.jpg 300w, https:\/\/ariap.org\/wp-content\/uploads\/2024\/12\/Taller-de-Educacion-Comunitaria-02-1024x768.jpg 1024w, https:\/\/ariap.org\/wp-content\/uploads\/2024\/12\/Taller-de-Educacion-Comunitaria-02-1536x1152.jpg 1536w, https:\/\/ariap.org\/wp-content\/uploads\/2024\/12\/Taller-de-Educacion-Comunitaria-02-600x450.jpg 600w, https:\/\/ariap.org\/wp-content\/uploads\/2024\/12\/Taller-de-Educacion-Comunitaria-02.jpg 1600w\" sizes=\"(max-width: 768px) 100vw, 768px\" \/>\t\t\t\t\t\t\t\t\t\t\t\t\t\t\t<\/div>\n\t\t\t\t<\/div>\n\t\t\t\t\t<\/div>\n\t\t<\/div>\n\t\t\t\t<div class=\"elementor-column elementor-col-50 elementor-inner-column elementor-element elementor-element-772ed58\" data-id=\"772ed58\" data-element_type=\"column\">\n\t\t\t<div class=\"elementor-widget-wrap elementor-element-populated\">\n\t\t\t\t\t\t<div class=\"elementor-element elementor-element-0ff741a elementor-widget elementor-widget-image\" data-id=\"0ff741a\" data-element_type=\"widget\" data-widget_type=\"image.default\">\n\t\t\t\t<div class=\"elementor-widget-container\">\n\t\t\t\t\t\t\t\t\t\t\t\t\t\t\t<img decoding=\"async\" width=\"768\" height=\"576\" src=\"https:\/\/ariap.org\/wp-content\/uploads\/2024\/12\/Taller-de-Educacion-Comunitaria-04-768x576.jpg\" class=\"attachment-medium_large size-medium_large wp-image-5881\" alt=\"\" srcset=\"https:\/\/ariap.org\/wp-content\/uploads\/2024\/12\/Taller-de-Educacion-Comunitaria-04-768x576.jpg 768w, https:\/\/ariap.org\/wp-content\/uploads\/2024\/12\/Taller-de-Educacion-Comunitaria-04-300x225.jpg 300w, https:\/\/ariap.org\/wp-content\/uploads\/2024\/12\/Taller-de-Educacion-Comunitaria-04-1024x768.jpg 1024w, https:\/\/ariap.org\/wp-content\/uploads\/2024\/12\/Taller-de-Educacion-Comunitaria-04-1536x1152.jpg 1536w, https:\/\/ariap.org\/wp-content\/uploads\/2024\/12\/Taller-de-Educacion-Comunitaria-04-600x450.jpg 600w, https:\/\/ariap.org\/wp-content\/uploads\/2024\/12\/Taller-de-Educacion-Comunitaria-04.jpg 1600w\" sizes=\"(max-width: 768px) 100vw, 768px\" \/>\t\t\t\t\t\t\t\t\t\t\t\t\t\t\t<\/div>\n\t\t\t\t<\/div>\n\t\t\t\t\t<\/div>\n\t\t<\/div>\n\t\t\t\t\t<\/div>\n\t\t<\/section>\n\t\t\t\t<div class=\"elementor-element elementor-element-c9e6069 elementor-widget elementor-widget-heading\" data-id=\"c9e6069\" data-element_type=\"widget\" data-widget_type=\"heading.default\">\n\t\t\t\t<div class=\"elementor-widget-container\">\n\t\t\t\t\t<h3 class=\"elementor-heading-title elementor-size-default\">Intercambio de experiencias y sustento de nuestra realidad<\/h3>\t\t\t\t<\/div>\n\t\t\t\t<\/div>\n\t\t\t\t<div class=\"elementor-element elementor-element-d121f44 elementor-widget elementor-widget-text-editor\" data-id=\"d121f44\" data-element_type=\"widget\" data-widget_type=\"text-editor.default\">\n\t\t\t\t<div class=\"elementor-widget-container\">\n\t\t\t\t\t\t\t\t\t<p class=\"MsoNormal\"><span style=\"text-align: justify;\">De manera pr\u00e1ctica se a planteado mirar las experiencias sobre los avances de fortalecimiento y uso de la lengua originaria u otros conocimientos propios en el contexto de la diversidad cultural en el pa\u00eds.<\/span><\/p><p class=\"MsoNormal\" style=\"text-align: justify;\">Se pudo compartir tambi\u00e9n los medios y estrategias que nos han permito lograr los niveles de logros sobre los derechos ling\u00fc\u00edsticos adem\u00e1s de las dificultades que se han interpuesto para los avances logrados por el derecho a la lengua.<\/p><p class=\"MsoNormal\" style=\"text-align: justify;\">Se presentaron adem\u00e1s las actividades planificadas a futuro para continuar con el trabajo de fortalecimiento de la lengua originaria en los diferentes contextos sociales.<\/p><p class=\"MsoNormal\" style=\"text-align: justify;\">\u00a0<\/p><p class=\"MsoNormal\" style=\"text-align: justify;\">\u00a0<\/p>\t\t\t\t\t\t\t\t<\/div>\n\t\t\t\t<\/div>\n\t\t\t\t<div class=\"elementor-element elementor-element-5cc300f elementor-widget elementor-widget-image\" data-id=\"5cc300f\" data-element_type=\"widget\" data-widget_type=\"image.default\">\n\t\t\t\t<div class=\"elementor-widget-container\">\n\t\t\t\t\t\t\t\t\t\t\t\t\t\t\t<img decoding=\"async\" width=\"768\" height=\"432\" src=\"https:\/\/ariap.org\/wp-content\/uploads\/2024\/12\/Taller-de-Educacion-Comunitaria-768x432.jpg\" class=\"attachment-medium_large size-medium_large wp-image-5877\" alt=\"\" srcset=\"https:\/\/ariap.org\/wp-content\/uploads\/2024\/12\/Taller-de-Educacion-Comunitaria-768x432.jpg 768w, https:\/\/ariap.org\/wp-content\/uploads\/2024\/12\/Taller-de-Educacion-Comunitaria-300x169.jpg 300w, https:\/\/ariap.org\/wp-content\/uploads\/2024\/12\/Taller-de-Educacion-Comunitaria-600x337.jpg 600w, https:\/\/ariap.org\/wp-content\/uploads\/2024\/12\/Taller-de-Educacion-Comunitaria.jpg 971w\" sizes=\"(max-width: 768px) 100vw, 768px\" \/>\t\t\t\t\t\t\t\t\t\t\t\t\t\t\t<\/div>\n\t\t\t\t<\/div>\n\t\t\t\t<div class=\"elementor-element elementor-element-661653c elementor-widget elementor-widget-heading\" data-id=\"661653c\" data-element_type=\"widget\" data-widget_type=\"heading.default\">\n\t\t\t\t<div class=\"elementor-widget-container\">\n\t\t\t\t\t<h3 class=\"elementor-heading-title elementor-size-default\">Conclusiones y trabajo por realizar:<\/h3>\t\t\t\t<\/div>\n\t\t\t\t<\/div>\n\t\t\t\t<div class=\"elementor-element elementor-element-d5bb359 elementor-widget elementor-widget-text-editor\" data-id=\"d5bb359\" data-element_type=\"widget\" data-widget_type=\"text-editor.default\">\n\t\t\t\t<div class=\"elementor-widget-container\">\n\t\t\t\t\t\t\t\t\t<p class=\"MsoNormal\"><span lang=\"ES-MX\" style=\"text-align: justify;\">Por ultimo los compromisos que se asumieron fueron la <\/span><span style=\"text-align: justify;\">s<\/span><span lang=\"ES-MX\" style=\"text-align: justify;\">uscripci\u00f3n de convenios de cooperaci\u00f3n interinstitucionales<\/span><span style=\"text-align: justify;\"> con fines de dar mayor consistencia a la pol\u00edtica educaci\u00f3n comunitaria. Tambi\u00e9n elaborar el perfil del educador comunitario siendo fundamental desarrollar talleres de capacitaci\u00f3n permanente sobre la educaci\u00f3n comunitaria, educaci\u00f3n ind\u00edgena, cosmovisi\u00f3n de los pueblos originarios y conocimientos ancestrales.<\/span><\/p>\t\t\t\t\t\t\t\t<\/div>\n\t\t\t\t<\/div>\n\t\t\t\t<section class=\"elementor-section elementor-inner-section elementor-element elementor-element-ce76ef8 elementor-section-full_width elementor-section-height-default elementor-section-height-default\" data-id=\"ce76ef8\" data-element_type=\"section\">\n\t\t\t\t\t\t<div class=\"elementor-container elementor-column-gap-default\">\n\t\t\t\t\t<div class=\"elementor-column elementor-col-50 elementor-inner-column elementor-element elementor-element-6740b6b\" data-id=\"6740b6b\" data-element_type=\"column\">\n\t\t\t<div class=\"elementor-widget-wrap elementor-element-populated\">\n\t\t\t\t\t\t<div class=\"elementor-element elementor-element-eb2c548 elementor-widget elementor-widget-image\" data-id=\"eb2c548\" data-element_type=\"widget\" data-widget_type=\"image.default\">\n\t\t\t\t<div class=\"elementor-widget-container\">\n\t\t\t\t\t\t\t\t\t\t\t\t\t\t\t<img loading=\"lazy\" decoding=\"async\" width=\"768\" height=\"1024\" src=\"https:\/\/ariap.org\/wp-content\/uploads\/2024\/12\/Taller-de-Educacion-Comunitaria-01-768x1024.jpg\" class=\"attachment-medium_large size-medium_large wp-image-5882\" alt=\"\" srcset=\"https:\/\/ariap.org\/wp-content\/uploads\/2024\/12\/Taller-de-Educacion-Comunitaria-01-768x1024.jpg 768w, https:\/\/ariap.org\/wp-content\/uploads\/2024\/12\/Taller-de-Educacion-Comunitaria-01-225x300.jpg 225w, https:\/\/ariap.org\/wp-content\/uploads\/2024\/12\/Taller-de-Educacion-Comunitaria-01-600x800.jpg 600w, https:\/\/ariap.org\/wp-content\/uploads\/2024\/12\/Taller-de-Educacion-Comunitaria-01.jpg 960w\" sizes=\"(max-width: 768px) 100vw, 768px\" \/>\t\t\t\t\t\t\t\t\t\t\t\t\t\t\t<\/div>\n\t\t\t\t<\/div>\n\t\t\t\t\t<\/div>\n\t\t<\/div>\n\t\t\t\t<div class=\"elementor-column elementor-col-50 elementor-inner-column elementor-element elementor-element-67960dd\" data-id=\"67960dd\" data-element_type=\"column\">\n\t\t\t<div class=\"elementor-widget-wrap elementor-element-populated\">\n\t\t\t\t\t\t<div class=\"elementor-element elementor-element-547babb elementor-widget elementor-widget-image\" data-id=\"547babb\" data-element_type=\"widget\" data-widget_type=\"image.default\">\n\t\t\t\t<div class=\"elementor-widget-container\">\n\t\t\t\t\t\t\t\t\t\t\t\t\t\t\t<img loading=\"lazy\" decoding=\"async\" width=\"768\" height=\"1024\" src=\"https:\/\/ariap.org\/wp-content\/uploads\/2024\/12\/Taller-de-Educacion-Comunitaria-06-768x1024.jpg\" class=\"attachment-medium_large size-medium_large wp-image-5885\" alt=\"\" srcset=\"https:\/\/ariap.org\/wp-content\/uploads\/2024\/12\/Taller-de-Educacion-Comunitaria-06-768x1024.jpg 768w, https:\/\/ariap.org\/wp-content\/uploads\/2024\/12\/Taller-de-Educacion-Comunitaria-06-225x300.jpg 225w, https:\/\/ariap.org\/wp-content\/uploads\/2024\/12\/Taller-de-Educacion-Comunitaria-06-600x800.jpg 600w, https:\/\/ariap.org\/wp-content\/uploads\/2024\/12\/Taller-de-Educacion-Comunitaria-06.jpg 960w\" sizes=\"(max-width: 768px) 100vw, 768px\" \/>\t\t\t\t\t\t\t\t\t\t\t\t\t\t\t<\/div>\n\t\t\t\t<\/div>\n\t\t\t\t\t<\/div>\n\t\t<\/div>\n\t\t\t\t\t<\/div>\n\t\t<\/section>\n\t\t\t\t<div class=\"elementor-element elementor-element-b1e7a1b elementor-widget elementor-widget-customcss\" data-id=\"b1e7a1b\" data-element_type=\"widget\" data-widget_type=\"customcss.default\">\n\t\t\t\t<div class=\"elementor-widget-container\">\n\t\t\t\t\t<style type=\"text\/css\">.elementor-drop-cap-yes.elementor-widget-text-editor p { line-height:2em !important; }<\/style>\t\t\t\t<\/div>\n\t\t\t\t<\/div>\n\t\t\t\t\t<\/div>\n\t\t<\/div>\n\t\t\t\t<div class=\"elementor-column elementor-col-50 elementor-top-column elementor-element elementor-element-6edfc54\" data-id=\"6edfc54\" data-element_type=\"column\">\n\t\t\t<div class=\"elementor-widget-wrap elementor-element-populated\">\n\t\t\t\t\t\t<div class=\"elementor-element elementor-element-cd780fd elementor-widget elementor-widget-wp-widget-calendar\" data-id=\"cd780fd\" data-element_type=\"widget\" data-widget_type=\"wp-widget-calendar.default\">\n\t\t\t\t<div class=\"elementor-widget-container\">\n\t\t\t\t\t<div id=\"calendar_wrap\" class=\"calendar_wrap\"><table id=\"wp-calendar\" class=\"wp-calendar-table\">\n\t<caption>April 2026<\/caption>\n\t<thead>\n\t<tr>\n\t\t<th scope=\"col\" title=\"Monday\">M<\/th>\n\t\t<th scope=\"col\" title=\"Tuesday\">T<\/th>\n\t\t<th scope=\"col\" title=\"Wednesday\">W<\/th>\n\t\t<th scope=\"col\" title=\"Thursday\">T<\/th>\n\t\t<th scope=\"col\" title=\"Friday\">F<\/th>\n\t\t<th scope=\"col\" title=\"Saturday\">S<\/th>\n\t\t<th scope=\"col\" title=\"Sunday\">S<\/th>\n\t<\/tr>\n\t<\/thead>\n\t<tbody>\n\t<tr>\n\t\t<td colspan=\"2\" class=\"pad\">&nbsp;<\/td><td>1<\/td><td>2<\/td><td>3<\/td><td>4<\/td><td>5<\/td>\n\t<\/tr>\n\t<tr>\n\t\t<td>6<\/td><td>7<\/td><td>8<\/td><td>9<\/td><td>10<\/td><td>11<\/td><td>12<\/td>\n\t<\/tr>\n\t<tr>\n\t\t<td>13<\/td><td>14<\/td><td>15<\/td><td>16<\/td><td>17<\/td><td>18<\/td><td>19<\/td>\n\t<\/tr>\n\t<tr>\n\t\t<td>20<\/td><td>21<\/td><td>22<\/td><td>23<\/td><td>24<\/td><td>25<\/td><td>26<\/td>\n\t<\/tr>\n\t<tr>\n\t\t<td>27<\/td><td id=\"today\">28<\/td><td>29<\/td><td>30<\/td>\n\t\t<td class=\"pad\" colspan=\"3\">&nbsp;<\/td>\n\t<\/tr>\n\t<\/tbody>\n\t<\/table><nav aria-label=\"Previous and next months\" class=\"wp-calendar-nav\">\n\t\t<span class=\"wp-calendar-nav-prev\"><a href=\"https:\/\/ariap.org\/en\/2025\/07\/\">&laquo; Jul<\/a><\/span>\n\t\t<span class=\"pad\">&nbsp;<\/span>\n\t\t<span class=\"wp-calendar-nav-next\">&nbsp;<\/span>\n\t<\/nav><\/div>\t\t\t\t<\/div>\n\t\t\t\t<\/div>\n\t\t\t\t<div class=\"elementor-element elementor-element-23e647a elementor-widget elementor-widget-spacer\" data-id=\"23e647a\" data-element_type=\"widget\" data-widget_type=\"spacer.default\">\n\t\t\t\t<div class=\"elementor-widget-container\">\n\t\t\t\t\t\t\t<div class=\"elementor-spacer\">\n\t\t\t<div class=\"elementor-spacer-inner\"><\/div>\n\t\t<\/div>\n\t\t\t\t\t\t<\/div>\n\t\t\t\t<\/div>\n\t\t\t\t<div class=\"elementor-element elementor-element-3c6f373e gallery-spacing-custom elementor-widget elementor-widget-image-gallery\" data-id=\"3c6f373e\" data-element_type=\"widget\" data-widget_type=\"image-gallery.default\">\n\t\t\t\t<div class=\"elementor-widget-container\">\n\t\t\t\t\t\t\t<div class=\"elementor-image-gallery\">\n\t\t\t\n\t\t<style type=\"text\/css\">\n\t\t\t#gallery-1 {\n\t\t\t\tmargin: auto;\n\t\t\t}\n\t\t\t#gallery-1 .gallery-item {\n\t\t\t\tfloat: left;\n\t\t\t\tmargin-top: 10px;\n\t\t\t\ttext-align: center;\n\t\t\t\twidth: 33%;\n\t\t\t}\n\t\t\t#gallery-1 img {\n\t\t\t\tborder: 2px solid #cfcfcf;\n\t\t\t}\n\t\t\t#gallery-1 .gallery-caption {\n\t\t\t\tmargin-left: 0;\n\t\t\t}\n\t\t\t\/* see gallery_shortcode() in wp-includes\/media.php *\/\n\t\t<\/style>\n\t\t<div id='gallery-1' class='gallery galleryid-5867 gallery-columns-3 gallery-size-thumbnail'><dl class='gallery-item'>\n\t\t\t<dt class='gallery-icon portrait'>\n\t\t\t\t<a data-elementor-open-lightbox=\"yes\" data-elementor-lightbox-slideshow=\"3c6f373e\" data-elementor-lightbox-title=\"Taller de Educaci\u00f3n Comunitaria 06\" data-e-action-hash=\"#elementor-action%3Aaction%3Dlightbox%26settings%3DeyJpZCI6NTg4NSwidXJsIjoiaHR0cHM6XC9cL2FyaWFwLm9yZ1wvd3AtY29udGVudFwvdXBsb2Fkc1wvMjAyNFwvMTJcL1RhbGxlci1kZS1FZHVjYWNpb24tQ29tdW5pdGFyaWEtMDYuanBnIiwic2xpZGVzaG93IjoiM2M2ZjM3M2UifQ%3D%3D\" href='https:\/\/ariap.org\/wp-content\/uploads\/2024\/12\/Taller-de-Educacion-Comunitaria-06.jpg'><img loading=\"lazy\" decoding=\"async\" width=\"150\" height=\"150\" src=\"https:\/\/ariap.org\/wp-content\/uploads\/2024\/12\/Taller-de-Educacion-Comunitaria-06-150x150.jpg\" class=\"attachment-thumbnail size-thumbnail\" alt=\"\" srcset=\"https:\/\/ariap.org\/wp-content\/uploads\/2024\/12\/Taller-de-Educacion-Comunitaria-06-150x150.jpg 150w, https:\/\/ariap.org\/wp-content\/uploads\/2024\/12\/Taller-de-Educacion-Comunitaria-06-200x200.jpg 200w, https:\/\/ariap.org\/wp-content\/uploads\/2024\/12\/Taller-de-Educacion-Comunitaria-06-720x720.jpg 720w, https:\/\/ariap.org\/wp-content\/uploads\/2024\/12\/Taller-de-Educacion-Comunitaria-06-300x300.jpg 300w, https:\/\/ariap.org\/wp-content\/uploads\/2024\/12\/Taller-de-Educacion-Comunitaria-06-100x100.jpg 100w\" sizes=\"(max-width: 150px) 100vw, 150px\" \/><\/a>\n\t\t\t<\/dt><\/dl><dl class='gallery-item'>\n\t\t\t<dt class='gallery-icon portrait'>\n\t\t\t\t<a data-elementor-open-lightbox=\"yes\" data-elementor-lightbox-slideshow=\"3c6f373e\" data-elementor-lightbox-title=\"Taller de Educaci\u00f3n Comunitaria 01\" data-e-action-hash=\"#elementor-action%3Aaction%3Dlightbox%26settings%3DeyJpZCI6NTg4MiwidXJsIjoiaHR0cHM6XC9cL2FyaWFwLm9yZ1wvd3AtY29udGVudFwvdXBsb2Fkc1wvMjAyNFwvMTJcL1RhbGxlci1kZS1FZHVjYWNpb24tQ29tdW5pdGFyaWEtMDEuanBnIiwic2xpZGVzaG93IjoiM2M2ZjM3M2UifQ%3D%3D\" href='https:\/\/ariap.org\/wp-content\/uploads\/2024\/12\/Taller-de-Educacion-Comunitaria-01.jpg'><img loading=\"lazy\" decoding=\"async\" width=\"150\" height=\"150\" src=\"https:\/\/ariap.org\/wp-content\/uploads\/2024\/12\/Taller-de-Educacion-Comunitaria-01-150x150.jpg\" class=\"attachment-thumbnail size-thumbnail\" alt=\"\" srcset=\"https:\/\/ariap.org\/wp-content\/uploads\/2024\/12\/Taller-de-Educacion-Comunitaria-01-150x150.jpg 150w, https:\/\/ariap.org\/wp-content\/uploads\/2024\/12\/Taller-de-Educacion-Comunitaria-01-200x200.jpg 200w, https:\/\/ariap.org\/wp-content\/uploads\/2024\/12\/Taller-de-Educacion-Comunitaria-01-720x720.jpg 720w, https:\/\/ariap.org\/wp-content\/uploads\/2024\/12\/Taller-de-Educacion-Comunitaria-01-300x300.jpg 300w, https:\/\/ariap.org\/wp-content\/uploads\/2024\/12\/Taller-de-Educacion-Comunitaria-01-100x100.jpg 100w\" sizes=\"(max-width: 150px) 100vw, 150px\" \/><\/a>\n\t\t\t<\/dt><\/dl><dl class='gallery-item'>\n\t\t\t<dt class='gallery-icon landscape'>\n\t\t\t\t<a data-elementor-open-lightbox=\"yes\" data-elementor-lightbox-slideshow=\"3c6f373e\" data-elementor-lightbox-title=\"Taller de Educaci\u00f3n Comunitaria 04\" data-e-action-hash=\"#elementor-action%3Aaction%3Dlightbox%26settings%3DeyJpZCI6NTg4MSwidXJsIjoiaHR0cHM6XC9cL2FyaWFwLm9yZ1wvd3AtY29udGVudFwvdXBsb2Fkc1wvMjAyNFwvMTJcL1RhbGxlci1kZS1FZHVjYWNpb24tQ29tdW5pdGFyaWEtMDQuanBnIiwic2xpZGVzaG93IjoiM2M2ZjM3M2UifQ%3D%3D\" href='https:\/\/ariap.org\/wp-content\/uploads\/2024\/12\/Taller-de-Educacion-Comunitaria-04.jpg'><img loading=\"lazy\" decoding=\"async\" width=\"150\" height=\"150\" src=\"https:\/\/ariap.org\/wp-content\/uploads\/2024\/12\/Taller-de-Educacion-Comunitaria-04-150x150.jpg\" class=\"attachment-thumbnail size-thumbnail\" alt=\"\" srcset=\"https:\/\/ariap.org\/wp-content\/uploads\/2024\/12\/Taller-de-Educacion-Comunitaria-04-150x150.jpg 150w, https:\/\/ariap.org\/wp-content\/uploads\/2024\/12\/Taller-de-Educacion-Comunitaria-04-200x200.jpg 200w, https:\/\/ariap.org\/wp-content\/uploads\/2024\/12\/Taller-de-Educacion-Comunitaria-04-720x720.jpg 720w, https:\/\/ariap.org\/wp-content\/uploads\/2024\/12\/Taller-de-Educacion-Comunitaria-04-300x300.jpg 300w, https:\/\/ariap.org\/wp-content\/uploads\/2024\/12\/Taller-de-Educacion-Comunitaria-04-100x100.jpg 100w\" sizes=\"(max-width: 150px) 100vw, 150px\" \/><\/a>\n\t\t\t<\/dt><\/dl><br style=\"clear: both\" \/><dl class='gallery-item'>\n\t\t\t<dt class='gallery-icon landscape'>\n\t\t\t\t<a data-elementor-open-lightbox=\"yes\" data-elementor-lightbox-slideshow=\"3c6f373e\" data-elementor-lightbox-title=\"Taller de Educaci\u00f3n Comunitaria 02\" data-e-action-hash=\"#elementor-action%3Aaction%3Dlightbox%26settings%3DeyJpZCI6NTg3OCwidXJsIjoiaHR0cHM6XC9cL2FyaWFwLm9yZ1wvd3AtY29udGVudFwvdXBsb2Fkc1wvMjAyNFwvMTJcL1RhbGxlci1kZS1FZHVjYWNpb24tQ29tdW5pdGFyaWEtMDIuanBnIiwic2xpZGVzaG93IjoiM2M2ZjM3M2UifQ%3D%3D\" href='https:\/\/ariap.org\/wp-content\/uploads\/2024\/12\/Taller-de-Educacion-Comunitaria-02.jpg'><img loading=\"lazy\" decoding=\"async\" width=\"150\" height=\"150\" src=\"https:\/\/ariap.org\/wp-content\/uploads\/2024\/12\/Taller-de-Educacion-Comunitaria-02-150x150.jpg\" class=\"attachment-thumbnail size-thumbnail\" alt=\"\" srcset=\"https:\/\/ariap.org\/wp-content\/uploads\/2024\/12\/Taller-de-Educacion-Comunitaria-02-150x150.jpg 150w, https:\/\/ariap.org\/wp-content\/uploads\/2024\/12\/Taller-de-Educacion-Comunitaria-02-200x200.jpg 200w, https:\/\/ariap.org\/wp-content\/uploads\/2024\/12\/Taller-de-Educacion-Comunitaria-02-720x720.jpg 720w, https:\/\/ariap.org\/wp-content\/uploads\/2024\/12\/Taller-de-Educacion-Comunitaria-02-300x300.jpg 300w, https:\/\/ariap.org\/wp-content\/uploads\/2024\/12\/Taller-de-Educacion-Comunitaria-02-100x100.jpg 100w\" sizes=\"(max-width: 150px) 100vw, 150px\" \/><\/a>\n\t\t\t<\/dt><\/dl><dl class='gallery-item'>\n\t\t\t<dt class='gallery-icon landscape'>\n\t\t\t\t<a data-elementor-open-lightbox=\"yes\" data-elementor-lightbox-slideshow=\"3c6f373e\" data-elementor-lightbox-title=\"Taller de Educaci\u00f3n Comunitaria\" data-e-action-hash=\"#elementor-action%3Aaction%3Dlightbox%26settings%3DeyJpZCI6NTg3NywidXJsIjoiaHR0cHM6XC9cL2FyaWFwLm9yZ1wvd3AtY29udGVudFwvdXBsb2Fkc1wvMjAyNFwvMTJcL1RhbGxlci1kZS1FZHVjYWNpb24tQ29tdW5pdGFyaWEuanBnIiwic2xpZGVzaG93IjoiM2M2ZjM3M2UifQ%3D%3D\" href='https:\/\/ariap.org\/wp-content\/uploads\/2024\/12\/Taller-de-Educacion-Comunitaria.jpg'><img loading=\"lazy\" decoding=\"async\" width=\"150\" height=\"150\" src=\"https:\/\/ariap.org\/wp-content\/uploads\/2024\/12\/Taller-de-Educacion-Comunitaria-150x150.jpg\" class=\"attachment-thumbnail size-thumbnail\" alt=\"\" srcset=\"https:\/\/ariap.org\/wp-content\/uploads\/2024\/12\/Taller-de-Educacion-Comunitaria-150x150.jpg 150w, https:\/\/ariap.org\/wp-content\/uploads\/2024\/12\/Taller-de-Educacion-Comunitaria-200x200.jpg 200w, https:\/\/ariap.org\/wp-content\/uploads\/2024\/12\/Taller-de-Educacion-Comunitaria-300x300.jpg 300w, https:\/\/ariap.org\/wp-content\/uploads\/2024\/12\/Taller-de-Educacion-Comunitaria-100x100.jpg 100w\" sizes=\"(max-width: 150px) 100vw, 150px\" \/><\/a>\n\t\t\t<\/dt><\/dl><dl class='gallery-item'>\n\t\t\t<dt class='gallery-icon landscape'>\n\t\t\t\t<a data-elementor-open-lightbox=\"yes\" data-elementor-lightbox-slideshow=\"3c6f373e\" data-elementor-lightbox-title=\"Taller de Educaci\u00f3n Comunitaria 07\" data-e-action-hash=\"#elementor-action%3Aaction%3Dlightbox%26settings%3DeyJpZCI6NTg4NiwidXJsIjoiaHR0cHM6XC9cL2FyaWFwLm9yZ1wvd3AtY29udGVudFwvdXBsb2Fkc1wvMjAyNFwvMTJcL1RhbGxlci1kZS1FZHVjYWNpb24tQ29tdW5pdGFyaWEtMDcuanBnIiwic2xpZGVzaG93IjoiM2M2ZjM3M2UifQ%3D%3D\" href='https:\/\/ariap.org\/wp-content\/uploads\/2024\/12\/Taller-de-Educacion-Comunitaria-07.jpg'><img loading=\"lazy\" decoding=\"async\" width=\"150\" height=\"150\" src=\"https:\/\/ariap.org\/wp-content\/uploads\/2024\/12\/Taller-de-Educacion-Comunitaria-07-150x150.jpg\" class=\"attachment-thumbnail size-thumbnail\" alt=\"\" srcset=\"https:\/\/ariap.org\/wp-content\/uploads\/2024\/12\/Taller-de-Educacion-Comunitaria-07-150x150.jpg 150w, https:\/\/ariap.org\/wp-content\/uploads\/2024\/12\/Taller-de-Educacion-Comunitaria-07-200x200.jpg 200w, https:\/\/ariap.org\/wp-content\/uploads\/2024\/12\/Taller-de-Educacion-Comunitaria-07-720x720.jpg 720w, https:\/\/ariap.org\/wp-content\/uploads\/2024\/12\/Taller-de-Educacion-Comunitaria-07-300x300.jpg 300w, https:\/\/ariap.org\/wp-content\/uploads\/2024\/12\/Taller-de-Educacion-Comunitaria-07-100x100.jpg 100w\" sizes=\"(max-width: 150px) 100vw, 150px\" \/><\/a>\n\t\t\t<\/dt><\/dl><br style=\"clear: both\" \/>\n\t\t<\/div>\n\t\t<\/div>\n\t\t\t\t\t\t<\/div>\n\t\t\t\t<\/div>\n\t\t\t\t<div class=\"elementor-element elementor-element-d30fd37 elementor-widget elementor-widget-wp-widget-search\" data-id=\"d30fd37\" data-element_type=\"widget\" data-widget_type=\"wp-widget-search.default\">\n\t\t\t\t<div class=\"elementor-widget-container\">\n\t\t\t\t\t<h5>Buscar<\/h5><form role=\"search\" method=\"get\" id=\"searchform\" class=\"searchform\" action=\"https:\/\/ariap.org\/en\/\" data-trp-original-action=\"https:\/\/ariap.org\/en\/\">\n\t\t\t\t<div>\n\t\t\t\t\t<label class=\"screen-reader-text\" for=\"s\">Search for:<\/label>\n\t\t\t\t\t<input type=\"text\" value=\"\" name=\"s\" id=\"s\" \/>\n\t\t\t\t\t<input type=\"submit\" id=\"searchsubmit\" value=\"Search\" \/>\n\t\t\t\t<\/div>\n\t\t\t<input type=\"hidden\" name=\"trp-form-language\" value=\"en\"\/><\/form>\t\t\t\t<\/div>\n\t\t\t\t<\/div>\n\t\t\t\t<div class=\"elementor-element elementor-element-a942e03 elementor-widget elementor-widget-heading\" data-id=\"a942e03\" data-element_type=\"widget\" data-widget_type=\"heading.default\">\n\t\t\t\t<div class=\"elementor-widget-container\">\n\t\t\t\t\t<h3 class=\"elementor-heading-title elementor-size-default\">OBJETIVOS<\/h3>\t\t\t\t<\/div>\n\t\t\t\t<\/div>\n\t\t\t\t<div class=\"elementor-element elementor-element-62a510f elementor-widget elementor-widget-causes\" data-id=\"62a510f\" data-element_type=\"widget\" data-widget_type=\"causes.default\">\n\t\t\t\t<div class=\"elementor-widget-container\">\n\t\t\t\t\t\n    <div class=\"nd_donations_section nd_donations_masonry_content\">\n  <div class=\"nd_donations_width_100_percentage nd_donations_causes_widget_l2 nd_donations_width_100_percentage_responsive nd_donations_float_left nd_donations_masonry_item nd_donations_padding_10_0 nd_donations_box_sizing_border_box\">\n\n    <div class=\"nd_donations_section nd_donations_position_relative\">\n\n      <img decoding=\"async\" width=\"100\" alt=\"\" class=\"nd_donations_position_absolute nd_donations_left_0 nd_donations_top_0 nd_donations_postgrid_causes_single_cause_img\" src=\"https:\/\/ariap.org\/wp-content\/uploads\/2024\/04\/CASUA-AMBIENTE-ok-200x200.jpg\">\n\n      <div class=\"nd_donations_section nd_donations_padding_left_120 nd_donations_box_sizing_border_box\">\n\n        <a class=\"nd_donations_section\" href=\"https:\/\/ariap.org\/en\/causes\/ecosistema-y-medio-ambiente\/\">\n          <h4 class=\"nd_donations_word_break_break_word nd_donations_margin_0_important nd_donations_letter_spacing_1\"><strong>Medio Ambiente y Pueblos Ind\u00edgenas<\/strong><\/h4>\n        <\/a>\n        \n        <div class=\"nd_donations_section nd_donations_height_10\"><\/div>\n        \n        \n\n    <div class=\"nd_donations_section nd_donations_postgrid_causes_single_cause_info_donation\">\n        <div class=\"nd_donations_float_left nd_donations_width_50_percentage\">\n            <p class=\"nd_donations_font_size_11 nd_options_color_greydark nd_donations_line_height_11 nd_donations_letter_spacing_1 nd_donations_font_weight_500\">GOAL : <span class=\"nd_donations_margin_right_10 nd_options_color_grey\">1500 $<\/span><\/p>\n        <\/div>\n        <div class=\"nd_donations_float_left nd_donations_width_50_percentage\">\n            <p class=\"nd_donations_font_size_11 nd_donations_text_align_left nd_options_color_greydark nd_donations_line_height_11 nd_donations_letter_spacing_1 nd_donations_font_weight_500\">RAISED : <span class=\"nd_options_color_grey\">0 $<\/span><\/p>\n        <\/div>\n    <\/div>\n\n  \n        \n        <div class=\"nd_donations_section nd_donations_height_20\"><\/div>\n        \n        <a style=\"background-color:#2272b6\" class=\"nd_donations_font_size_10 nd_donations_line_height_10 nd_donations_color_white_important nd_donations_padding_5_10 nd_donations_letter_spacing_1\" href=\"https:\/\/ariap.org\/en\/causes\/ecosistema-y-medio-ambiente\/\"><strong>VIEW DETAILS<\/strong><\/a>\n\n    <\/div>\n\n  <\/div>\n    \n<\/div>\n  <div class=\"nd_donations_width_100_percentage nd_donations_causes_widget_l2 nd_donations_width_100_percentage_responsive nd_donations_float_left nd_donations_masonry_item nd_donations_padding_10_0 nd_donations_box_sizing_border_box\">\n\n    <div class=\"nd_donations_section nd_donations_position_relative\">\n\n      <img decoding=\"async\" width=\"100\" alt=\"\" class=\"nd_donations_position_absolute nd_donations_left_0 nd_donations_top_0 nd_donations_postgrid_causes_single_cause_img\" src=\"https:\/\/ariap.org\/wp-content\/uploads\/2024\/04\/CASUA-SALUD-PORTADA-200x200.jpg\">\n\n      <div class=\"nd_donations_section nd_donations_padding_left_120 nd_donations_box_sizing_border_box\">\n\n        <a class=\"nd_donations_section\" href=\"https:\/\/ariap.org\/en\/causes\/salud-intercultural\/\">\n          <h4 class=\"nd_donations_word_break_break_word nd_donations_margin_0_important nd_donations_letter_spacing_1\"><strong>Salud M\u00e9dica Intercultural<\/strong><\/h4>\n        <\/a>\n        \n        <div class=\"nd_donations_section nd_donations_height_10\"><\/div>\n        \n        \n\n    <div class=\"nd_donations_section nd_donations_postgrid_causes_single_cause_info_donation\">\n        <div class=\"nd_donations_float_left nd_donations_width_50_percentage\">\n            <p class=\"nd_donations_font_size_11 nd_options_color_greydark nd_donations_line_height_11 nd_donations_letter_spacing_1 nd_donations_font_weight_500\">GOAL : <span class=\"nd_donations_margin_right_10 nd_options_color_grey\">5000 $<\/span><\/p>\n        <\/div>\n        <div class=\"nd_donations_float_left nd_donations_width_50_percentage\">\n            <p class=\"nd_donations_font_size_11 nd_donations_text_align_left nd_options_color_greydark nd_donations_line_height_11 nd_donations_letter_spacing_1 nd_donations_font_weight_500\">RAISED : <span class=\"nd_options_color_grey\">0 $<\/span><\/p>\n        <\/div>\n    <\/div>\n\n  \n        \n        <div class=\"nd_donations_section nd_donations_height_20\"><\/div>\n        \n        <a style=\"background-color:#f24a29\" class=\"nd_donations_font_size_10 nd_donations_line_height_10 nd_donations_color_white_important nd_donations_padding_5_10 nd_donations_letter_spacing_1\" href=\"https:\/\/ariap.org\/en\/causes\/salud-intercultural\/\"><strong>VIEW DETAILS<\/strong><\/a>\n\n    <\/div>\n\n  <\/div>\n    \n<\/div>\n    <\/div>\t\t\t\t<\/div>\n\t\t\t\t<\/div>\n\t\t\t\t\t<\/div>\n\t\t<\/div>\n\t\t\t\t\t<\/div>\n\t\t<\/section>\n\t\t\t\t<\/div>","protected":false},"excerpt":{"rendered":"<p>El Taller de Educaci\u00f3n Comunitaria desarrollado en la ciudad de Lima los d\u00edas 15 y 16 de noviembre del 2024 fue muy enriquecedor para Ariap.<\/p>","protected":false},"author":1,"featured_media":6309,"comment_status":"open","ping_status":"closed","sticky":false,"template":"","format":"standard","meta":{"_monsterinsights_skip_tracking":false,"_monsterinsights_sitenote_active":false,"_monsterinsights_sitenote_note":"","_monsterinsights_sitenote_category":0,"footnotes":""},"categories":[19,1],"tags":[44,37,41],"aioseo_notices":[],"_links":{"self":[{"href":"https:\/\/ariap.org\/en\/wp-json\/wp\/v2\/posts\/5867"}],"collection":[{"href":"https:\/\/ariap.org\/en\/wp-json\/wp\/v2\/posts"}],"about":[{"href":"https:\/\/ariap.org\/en\/wp-json\/wp\/v2\/types\/post"}],"author":[{"embeddable":true,"href":"https:\/\/ariap.org\/en\/wp-json\/wp\/v2\/users\/1"}],"replies":[{"embeddable":true,"href":"https:\/\/ariap.org\/en\/wp-json\/wp\/v2\/comments?post=5867"}],"version-history":[{"count":12,"href":"https:\/\/ariap.org\/en\/wp-json\/wp\/v2\/posts\/5867\/revisions"}],"predecessor-version":[{"id":6312,"href":"https:\/\/ariap.org\/en\/wp-json\/wp\/v2\/posts\/5867\/revisions\/6312"}],"wp:featuredmedia":[{"embeddable":true,"href":"https:\/\/ariap.org\/en\/wp-json\/wp\/v2\/media\/6309"}],"wp:attachment":[{"href":"https:\/\/ariap.org\/en\/wp-json\/wp\/v2\/media?parent=5867"}],"wp:term":[{"taxonomy":"category","embeddable":true,"href":"https:\/\/ariap.org\/en\/wp-json\/wp\/v2\/categories?post=5867"},{"taxonomy":"post_tag","embeddable":true,"href":"https:\/\/ariap.org\/en\/wp-json\/wp\/v2\/tags?post=5867"}],"curies":[{"name":"wp","href":"https:\/\/api.w.org\/{rel}","templated":true}]}}