{"id":6440,"date":"2025-05-21T15:49:17","date_gmt":"2025-05-21T20:49:17","guid":{"rendered":"https:\/\/ariap.org\/?p=6440"},"modified":"2025-06-09T09:52:00","modified_gmt":"2025-06-09T14:52:00","slug":"fortaleciendo-la-educacion-comunitaria-indigena","status":"publish","type":"post","link":"https:\/\/ariap.org\/en\/fortaleciendo-la-educacion-comunitaria-indigena\/","title":{"rendered":"Fortaleciendo la educaci\u00f3n comunitaria ind\u00edgena."},"content":{"rendered":"<div data-elementor-type=\"wp-post\" data-elementor-id=\"6440\" class=\"elementor elementor-6440\">\n\t\t\t\t\t\t<section class=\"elementor-section elementor-top-section elementor-element elementor-element-3ca88b55 elementor-section-stretched elementor-section-content-middle elementor-section-boxed elementor-section-height-default elementor-section-height-default\" data-id=\"3ca88b55\" data-element_type=\"section\" data-settings=\"{&quot;stretch_section&quot;:&quot;section-stretched&quot;,&quot;background_background&quot;:&quot;classic&quot;}\">\n\t\t\t\t\t\t\t<div class=\"elementor-background-overlay\"><\/div>\n\t\t\t\t\t\t\t<div class=\"elementor-container elementor-column-gap-default\">\n\t\t\t\t\t<div class=\"elementor-column elementor-col-100 elementor-top-column elementor-element elementor-element-67b29d47\" data-id=\"67b29d47\" data-element_type=\"column\">\n\t\t\t<div class=\"elementor-widget-wrap elementor-element-populated\">\n\t\t\t\t\t\t<div class=\"elementor-element elementor-element-6f9d621 elementor-widget elementor-widget-text-editor\" data-id=\"6f9d621\" data-element_type=\"widget\" data-widget_type=\"text-editor.default\">\n\t\t\t\t<div class=\"elementor-widget-container\">\n\t\t\t\t\t\t\t\t\t<p><span style=\"color: #ffffff;\">ARIAP, EDUCACI\u00d3N:<\/span><\/p>\t\t\t\t\t\t\t\t<\/div>\n\t\t\t\t<\/div>\n\t\t\t\t<div class=\"elementor-element elementor-element-202146f6 elementor-widget elementor-widget-heading\" data-id=\"202146f6\" data-element_type=\"widget\" data-widget_type=\"heading.default\">\n\t\t\t\t<div class=\"elementor-widget-container\">\n\t\t\t\t\t<h1 class=\"elementor-heading-title elementor-size-default\">Fortaleciendo la educaci\u00f3n comunitaria ind\u00edgena: visita del Dr. \u00d3scar Espinosa a la sede de ARIAP en Yarinacocha<\/h1>\t\t\t\t<\/div>\n\t\t\t\t<\/div>\n\t\t\t\t\t<\/div>\n\t\t<\/div>\n\t\t\t\t\t<\/div>\n\t\t<\/section>\n\t\t\t\t<section class=\"elementor-section elementor-top-section elementor-element elementor-element-35dada71 elementor-section-full_width elementor-section-height-default elementor-section-height-default\" data-id=\"35dada71\" data-element_type=\"section\">\n\t\t\t\t\t\t<div class=\"elementor-container elementor-column-gap-default\">\n\t\t\t\t\t<div class=\"elementor-column elementor-col-50 elementor-top-column elementor-element elementor-element-5bebec34\" data-id=\"5bebec34\" data-element_type=\"column\">\n\t\t\t<div class=\"elementor-widget-wrap elementor-element-populated\">\n\t\t\t\t\t\t<div class=\"elementor-element elementor-element-100a44c elementor-widget elementor-widget-text-editor\" data-id=\"100a44c\" data-element_type=\"widget\" data-widget_type=\"text-editor.default\">\n\t\t\t\t<div class=\"elementor-widget-container\">\n\t\t\t\t\t\t\t\t\t<h5><strong>21 de Mayo de 2025. Ucayali, Per\u00fa.<\/strong><\/h5>\t\t\t\t\t\t\t\t<\/div>\n\t\t\t\t<\/div>\n\t\t\t\t<div class=\"elementor-element elementor-element-6fbb4993 elementor-widget__width-initial elementor-widget elementor-widget-text-editor\" data-id=\"6fbb4993\" data-element_type=\"widget\" data-widget_type=\"text-editor.default\">\n\t\t\t\t<div class=\"elementor-widget-container\">\n\t\t\t\t\t\t\t\t\t<p>La Asociaci\u00f3n Ra\u00edces Ind\u00edgenas Amaz\u00f3nicas Peruanas (ARIAP) recibi\u00f3 con gran satisfacci\u00f3n la visita del Dr. \u00d3scar Alberto Espinosa de Rivero, reconocido antrop\u00f3logo y docente de la Pontificia Universidad Cat\u00f3lica del Per\u00fa (PUCP), en su sede ubicada en Yarinacocha. Esta visita represent\u00f3 una oportunidad significativa para reflexionar colectivamente sobre los retos y posibilidades de la educaci\u00f3n comunitaria ind\u00edgena con identidad cultural.<\/p>\t\t\t\t\t\t\t\t<\/div>\n\t\t\t\t<\/div>\n\t\t\t\t<div class=\"elementor-element elementor-element-74373d1 elementor-widget elementor-widget-spacer\" data-id=\"74373d1\" data-element_type=\"widget\" data-widget_type=\"spacer.default\">\n\t\t\t\t<div class=\"elementor-widget-container\">\n\t\t\t\t\t\t\t<div class=\"elementor-spacer\">\n\t\t\t<div class=\"elementor-spacer-inner\"><\/div>\n\t\t<\/div>\n\t\t\t\t\t\t<\/div>\n\t\t\t\t<\/div>\n\t\t\t\t<div class=\"elementor-element elementor-element-a47b8bc elementor-widget elementor-widget-image\" data-id=\"a47b8bc\" data-element_type=\"widget\" data-widget_type=\"image.default\">\n\t\t\t\t<div class=\"elementor-widget-container\">\n\t\t\t\t\t\t\t\t\t\t\t\t\t\t\t<img fetchpriority=\"high\" decoding=\"async\" width=\"1024\" height=\"473\" src=\"https:\/\/ariap.org\/wp-content\/uploads\/2025\/05\/20250519_100001-1024x473.jpg\" class=\"attachment-large size-large wp-image-6442\" alt=\"\" srcset=\"https:\/\/ariap.org\/wp-content\/uploads\/2025\/05\/20250519_100001-1024x473.jpg 1024w, https:\/\/ariap.org\/wp-content\/uploads\/2025\/05\/20250519_100001-300x139.jpg 300w, https:\/\/ariap.org\/wp-content\/uploads\/2025\/05\/20250519_100001-768x355.jpg 768w, https:\/\/ariap.org\/wp-content\/uploads\/2025\/05\/20250519_100001-1536x709.jpg 1536w, https:\/\/ariap.org\/wp-content\/uploads\/2025\/05\/20250519_100001-2048x946.jpg 2048w, https:\/\/ariap.org\/wp-content\/uploads\/2025\/05\/20250519_100001-600x277.jpg 600w\" sizes=\"(max-width: 1024px) 100vw, 1024px\" \/>\t\t\t\t\t\t\t\t\t\t\t\t\t\t\t<\/div>\n\t\t\t\t<\/div>\n\t\t\t\t<div class=\"elementor-element elementor-element-a3bd3b6 elementor-widget elementor-widget-heading\" data-id=\"a3bd3b6\" data-element_type=\"widget\" data-widget_type=\"heading.default\">\n\t\t\t\t<div class=\"elementor-widget-container\">\n\t\t\t\t\t<h2 class=\"elementor-heading-title elementor-size-default\">Di\u00e1logo intercultural y educativo con actores comunitarios<\/h2>\t\t\t\t<\/div>\n\t\t\t\t<\/div>\n\t\t\t\t<div class=\"elementor-element elementor-element-f4381d0 elementor-widget elementor-widget-text-editor\" data-id=\"f4381d0\" data-element_type=\"widget\" data-widget_type=\"text-editor.default\">\n\t\t\t\t<div class=\"elementor-widget-container\">\n\t\t\t\t\t\t\t\t\t<p class=\"\" data-start=\"1004\" data-end=\"1262\">Durante el encuentro, el Dr. \u00d3scar Espinosa sostuvo un di\u00e1logo abierto, respetuoso y profundamente enriquecedor con una amplia diversidad de actores educativos de las comunidades ind\u00edgenas. Participaron l\u00edderes y lideresas ind\u00edgenas comprometidos con la defensa de sus territorios, educadores comunitarios que impulsan iniciativas pedag\u00f3gicas desde las bases, sabios y sabias portadores de conocimientos ancestrales, j\u00f3venes estudiantes con vocaci\u00f3n por transformar la realidad de sus pueblos, y madres de familia activamente involucradas en los procesos educativos de sus hijos e hijas.<\/p><p data-start=\"1004\" data-end=\"1262\">\u00a0<\/p><p data-start=\"1004\" data-end=\"1262\">Este espacio de conversaci\u00f3n permiti\u00f3 recoger m\u00faltiples voces y experiencias que expresan la vitalidad de la educaci\u00f3n ind\u00edgena desde el territorio. Se compartieron relatos sobre c\u00f3mo las comunidades est\u00e1n creando formas propias de ense\u00f1ar y aprender, articulando la lengua materna, la memoria colectiva, la espiritualidad y el cuidado de la naturaleza como ejes fundamentales del curr\u00edculo comunitario. A trav\u00e9s de estas pr\u00e1cticas, no solo se preservan los saberes originarios, sino que tambi\u00e9n se construyen horizontes educativos con pertinencia cultural, identidad y arraigo territorial.<\/p><p class=\"\" data-start=\"1264\" data-end=\"1460\">\u00a0<\/p>\t\t\t\t\t\t\t\t<\/div>\n\t\t\t\t<\/div>\n\t\t<div class=\"elementor-element elementor-element-d6c509f e-grid e-con-full e-con e-parent\" data-id=\"d6c509f\" data-element_type=\"container\">\n\t\t<div class=\"elementor-element elementor-element-fbf87e4 e-con-full e-flex e-con e-child\" data-id=\"fbf87e4\" data-element_type=\"container\" data-settings=\"{&quot;background_background&quot;:&quot;classic&quot;}\">\n\t\t\t\t<\/div>\n\t\t\t\t<\/div>\n\t\t\t\t<div class=\"elementor-element elementor-element-7ac90ad elementor-widget elementor-widget-heading\" data-id=\"7ac90ad\" data-element_type=\"widget\" data-widget_type=\"heading.default\">\n\t\t\t\t<div class=\"elementor-widget-container\">\n\t\t\t\t\t<h2 class=\"elementor-heading-title elementor-size-default\">Temas claves abordados durante el encuentro\n<\/h2>\t\t\t\t<\/div>\n\t\t\t\t<\/div>\n\t\t\t\t<div class=\"elementor-element elementor-element-c49c416 elementor-widget elementor-widget-text-editor\" data-id=\"c49c416\" data-element_type=\"widget\" data-widget_type=\"text-editor.default\">\n\t\t\t\t<div class=\"elementor-widget-container\">\n\t\t\t\t\t\t\t\t\t<ul><li class=\"\" data-start=\"1519\" data-end=\"1599\"><p class=\"\" data-start=\"1521\" data-end=\"1599\">La educaci\u00f3n comunitaria como expresi\u00f3n de autonom\u00eda y resistencia cultural.<\/p><\/li><li class=\"\" data-start=\"1600\" data-end=\"1685\"><p class=\"\" data-start=\"1602\" data-end=\"1685\">El papel de la familia y los sabios tradicionales en los procesos de aprendizaje.<\/p><\/li><li class=\"\" data-start=\"1686\" data-end=\"1808\"><p class=\"\" data-start=\"1688\" data-end=\"1808\">Los desaf\u00edos que representa un sistema educativo estatal que muchas veces desconoce o minimiza la diversidad cultural.<\/p><\/li><li class=\"\" data-start=\"1809\" data-end=\"1904\"><p class=\"\" data-start=\"1811\" data-end=\"1904\">La necesidad de formar j\u00f3venes ind\u00edgenas como educadores comprometidos con sus comunidades.<\/p><\/li><li class=\"\" data-start=\"1905\" data-end=\"2030\"><p class=\"\" data-start=\"1907\" data-end=\"2030\">Las experiencias educativas desde el territorio, profundamente vinculadas a la vida, la naturaleza y la historia colectiva.<\/p><\/li><\/ul>\t\t\t\t\t\t\t\t<\/div>\n\t\t\t\t<\/div>\n\t\t\t\t<div class=\"elementor-element elementor-element-5c276a7 elementor-widget elementor-widget-heading\" data-id=\"5c276a7\" data-element_type=\"widget\" data-widget_type=\"heading.default\">\n\t\t\t\t<div class=\"elementor-widget-container\">\n\t\t\t\t\t<h2 class=\"elementor-heading-title elementor-size-default\">Reconocimiento al esfuerzo comunitario<\/h2>\t\t\t\t<\/div>\n\t\t\t\t<\/div>\n\t\t\t\t<div class=\"elementor-element elementor-element-e5652f1 elementor-widget elementor-widget-text-editor\" data-id=\"e5652f1\" data-element_type=\"widget\" data-widget_type=\"text-editor.default\">\n\t\t\t\t<div class=\"elementor-widget-container\">\n\t\t\t\t\t\t\t\t\t<p class=\"\" data-start=\"2084\" data-end=\"2210\">El Dr. Espinosa reconoci\u00f3 con admiraci\u00f3n el esfuerzo de ARIAP por sostener y fortalecer espacios educativos propios, y se\u00f1al\u00f3:<\/p><blockquote data-start=\"2212\" data-end=\"2423\"><p class=\"\" data-start=\"2214\" data-end=\"2423\"><em data-start=\"2214\" data-end=\"2423\">\u201cLa educaci\u00f3n comunitaria ind\u00edgena no solo transmite conocimientos, sino que fortalece la identidad, el arraigo territorial y el proyecto de vida colectivo. Es una apuesta por otro modo de habitar el mundo.\u201d<\/em><\/p><\/blockquote>\t\t\t\t\t\t\t\t<\/div>\n\t\t\t\t<\/div>\n\t\t\t\t<div class=\"elementor-element elementor-element-7b04a4c elementor-widget elementor-widget-image\" data-id=\"7b04a4c\" data-element_type=\"widget\" data-widget_type=\"image.default\">\n\t\t\t\t<div class=\"elementor-widget-container\">\n\t\t\t\t\t\t\t\t\t\t\t\t\t\t\t<img decoding=\"async\" width=\"1024\" height=\"473\" src=\"https:\/\/ariap.org\/wp-content\/uploads\/2025\/05\/20250519_100035-1024x473.jpg\" class=\"attachment-large size-large wp-image-6441\" alt=\"\" srcset=\"https:\/\/ariap.org\/wp-content\/uploads\/2025\/05\/20250519_100035-1024x473.jpg 1024w, https:\/\/ariap.org\/wp-content\/uploads\/2025\/05\/20250519_100035-300x139.jpg 300w, https:\/\/ariap.org\/wp-content\/uploads\/2025\/05\/20250519_100035-768x355.jpg 768w, https:\/\/ariap.org\/wp-content\/uploads\/2025\/05\/20250519_100035-1536x709.jpg 1536w, https:\/\/ariap.org\/wp-content\/uploads\/2025\/05\/20250519_100035-2048x946.jpg 2048w, https:\/\/ariap.org\/wp-content\/uploads\/2025\/05\/20250519_100035-600x277.jpg 600w\" sizes=\"(max-width: 1024px) 100vw, 1024px\" \/>\t\t\t\t\t\t\t\t\t\t\t\t\t\t\t<\/div>\n\t\t\t\t<\/div>\n\t\t\t\t\t<\/div>\n\t\t<\/div>\n\t\t\t\t<div class=\"elementor-column elementor-col-50 elementor-top-column elementor-element elementor-element-40b34c4f\" data-id=\"40b34c4f\" data-element_type=\"column\">\n\t\t\t<div class=\"elementor-widget-wrap elementor-element-populated\">\n\t\t\t\t\t\t<div class=\"elementor-element elementor-element-428154f2 elementor-widget elementor-widget-wp-widget-calendar\" data-id=\"428154f2\" data-element_type=\"widget\" data-widget_type=\"wp-widget-calendar.default\">\n\t\t\t\t<div class=\"elementor-widget-container\">\n\t\t\t\t\t<div id=\"calendar_wrap\" class=\"calendar_wrap\"><table id=\"wp-calendar\" class=\"wp-calendar-table\">\n\t<caption>April 2026<\/caption>\n\t<thead>\n\t<tr>\n\t\t<th scope=\"col\" title=\"Monday\">M<\/th>\n\t\t<th scope=\"col\" title=\"Tuesday\">T<\/th>\n\t\t<th scope=\"col\" title=\"Wednesday\">W<\/th>\n\t\t<th scope=\"col\" title=\"Thursday\">T<\/th>\n\t\t<th scope=\"col\" title=\"Friday\">F<\/th>\n\t\t<th scope=\"col\" title=\"Saturday\">S<\/th>\n\t\t<th scope=\"col\" title=\"Sunday\">S<\/th>\n\t<\/tr>\n\t<\/thead>\n\t<tbody>\n\t<tr>\n\t\t<td colspan=\"2\" class=\"pad\">&nbsp;<\/td><td>1<\/td><td>2<\/td><td>3<\/td><td>4<\/td><td>5<\/td>\n\t<\/tr>\n\t<tr>\n\t\t<td>6<\/td><td>7<\/td><td>8<\/td><td>9<\/td><td>10<\/td><td>11<\/td><td>12<\/td>\n\t<\/tr>\n\t<tr>\n\t\t<td>13<\/td><td>14<\/td><td>15<\/td><td>16<\/td><td>17<\/td><td>18<\/td><td>19<\/td>\n\t<\/tr>\n\t<tr>\n\t\t<td>20<\/td><td>21<\/td><td>22<\/td><td>23<\/td><td>24<\/td><td>25<\/td><td>26<\/td>\n\t<\/tr>\n\t<tr>\n\t\t<td>27<\/td><td id=\"today\">28<\/td><td>29<\/td><td>30<\/td>\n\t\t<td class=\"pad\" colspan=\"3\">&nbsp;<\/td>\n\t<\/tr>\n\t<\/tbody>\n\t<\/table><nav aria-label=\"Previous and next months\" class=\"wp-calendar-nav\">\n\t\t<span class=\"wp-calendar-nav-prev\"><a href=\"https:\/\/ariap.org\/en\/2025\/07\/\">&laquo; Jul<\/a><\/span>\n\t\t<span class=\"pad\">&nbsp;<\/span>\n\t\t<span class=\"wp-calendar-nav-next\">&nbsp;<\/span>\n\t<\/nav><\/div>\t\t\t\t<\/div>\n\t\t\t\t<\/div>\n\t\t\t\t<div class=\"elementor-element elementor-element-66e52b5 elementor-widget elementor-widget-spacer\" data-id=\"66e52b5\" data-element_type=\"widget\" data-widget_type=\"spacer.default\">\n\t\t\t\t<div class=\"elementor-widget-container\">\n\t\t\t\t\t\t\t<div class=\"elementor-spacer\">\n\t\t\t<div class=\"elementor-spacer-inner\"><\/div>\n\t\t<\/div>\n\t\t\t\t\t\t<\/div>\n\t\t\t\t<\/div>\n\t\t\t\t<div class=\"elementor-element elementor-element-60828e1a gallery-spacing-custom elementor-widget elementor-widget-image-gallery\" data-id=\"60828e1a\" data-element_type=\"widget\" data-widget_type=\"image-gallery.default\">\n\t\t\t\t<div class=\"elementor-widget-container\">\n\t\t\t\t\t\t\t<div class=\"elementor-image-gallery\">\n\t\t\t\n\t\t<style type=\"text\/css\">\n\t\t\t#gallery-1 {\n\t\t\t\tmargin: auto;\n\t\t\t}\n\t\t\t#gallery-1 .gallery-item {\n\t\t\t\tfloat: left;\n\t\t\t\tmargin-top: 10px;\n\t\t\t\ttext-align: center;\n\t\t\t\twidth: 33%;\n\t\t\t}\n\t\t\t#gallery-1 img {\n\t\t\t\tborder: 2px solid #cfcfcf;\n\t\t\t}\n\t\t\t#gallery-1 .gallery-caption {\n\t\t\t\tmargin-left: 0;\n\t\t\t}\n\t\t\t\/* see gallery_shortcode() in wp-includes\/media.php *\/\n\t\t<\/style>\n\t\t<div id='gallery-1' class='gallery galleryid-6440 gallery-columns-3 gallery-size-thumbnail'><dl class='gallery-item'>\n\t\t\t<dt class='gallery-icon landscape'>\n\t\t\t\t<a data-elementor-open-lightbox=\"yes\" data-elementor-lightbox-slideshow=\"60828e1a\" data-elementor-lightbox-title=\"20250519_100204\" data-e-action-hash=\"#elementor-action%3Aaction%3Dlightbox%26settings%3DeyJpZCI6NjQ0NywidXJsIjoiaHR0cHM6XC9cL2FyaWFwLm9yZ1wvd3AtY29udGVudFwvdXBsb2Fkc1wvMjAyNVwvMDVcLzIwMjUwNTE5XzEwMDIwNC1zY2FsZWQuanBnIiwic2xpZGVzaG93IjoiNjA4MjhlMWEifQ%3D%3D\" href='https:\/\/ariap.org\/wp-content\/uploads\/2025\/05\/20250519_100204-scaled.jpg'><img decoding=\"async\" width=\"150\" height=\"150\" src=\"https:\/\/ariap.org\/wp-content\/uploads\/2025\/05\/20250519_100204-150x150.jpg\" class=\"attachment-thumbnail size-thumbnail\" alt=\"\" srcset=\"https:\/\/ariap.org\/wp-content\/uploads\/2025\/05\/20250519_100204-150x150.jpg 150w, https:\/\/ariap.org\/wp-content\/uploads\/2025\/05\/20250519_100204-200x200.jpg 200w, https:\/\/ariap.org\/wp-content\/uploads\/2025\/05\/20250519_100204-720x720.jpg 720w, https:\/\/ariap.org\/wp-content\/uploads\/2025\/05\/20250519_100204-300x300.jpg 300w, https:\/\/ariap.org\/wp-content\/uploads\/2025\/05\/20250519_100204-100x100.jpg 100w\" sizes=\"(max-width: 150px) 100vw, 150px\" \/><\/a>\n\t\t\t<\/dt><\/dl><dl class='gallery-item'>\n\t\t\t<dt class='gallery-icon landscape'>\n\t\t\t\t<a data-elementor-open-lightbox=\"yes\" data-elementor-lightbox-slideshow=\"60828e1a\" data-elementor-lightbox-title=\"20250519_101143\" data-e-action-hash=\"#elementor-action%3Aaction%3Dlightbox%26settings%3DeyJpZCI6NjQ0OCwidXJsIjoiaHR0cHM6XC9cL2FyaWFwLm9yZ1wvd3AtY29udGVudFwvdXBsb2Fkc1wvMjAyNVwvMDVcLzIwMjUwNTE5XzEwMTE0My1zY2FsZWQuanBnIiwic2xpZGVzaG93IjoiNjA4MjhlMWEifQ%3D%3D\" href='https:\/\/ariap.org\/wp-content\/uploads\/2025\/05\/20250519_101143-scaled.jpg'><img loading=\"lazy\" decoding=\"async\" width=\"150\" height=\"150\" src=\"https:\/\/ariap.org\/wp-content\/uploads\/2025\/05\/20250519_101143-150x150.jpg\" class=\"attachment-thumbnail size-thumbnail\" alt=\"\" srcset=\"https:\/\/ariap.org\/wp-content\/uploads\/2025\/05\/20250519_101143-150x150.jpg 150w, https:\/\/ariap.org\/wp-content\/uploads\/2025\/05\/20250519_101143-200x200.jpg 200w, https:\/\/ariap.org\/wp-content\/uploads\/2025\/05\/20250519_101143-720x720.jpg 720w, https:\/\/ariap.org\/wp-content\/uploads\/2025\/05\/20250519_101143-300x300.jpg 300w, https:\/\/ariap.org\/wp-content\/uploads\/2025\/05\/20250519_101143-100x100.jpg 100w\" sizes=\"(max-width: 150px) 100vw, 150px\" \/><\/a>\n\t\t\t<\/dt><\/dl><dl class='gallery-item'>\n\t\t\t<dt class='gallery-icon landscape'>\n\t\t\t\t<a data-elementor-open-lightbox=\"yes\" data-elementor-lightbox-slideshow=\"60828e1a\" data-elementor-lightbox-title=\"20250519_100122\" data-e-action-hash=\"#elementor-action%3Aaction%3Dlightbox%26settings%3DeyJpZCI6NjQ0NSwidXJsIjoiaHR0cHM6XC9cL2FyaWFwLm9yZ1wvd3AtY29udGVudFwvdXBsb2Fkc1wvMjAyNVwvMDVcLzIwMjUwNTE5XzEwMDEyMi1zY2FsZWQuanBnIiwic2xpZGVzaG93IjoiNjA4MjhlMWEifQ%3D%3D\" href='https:\/\/ariap.org\/wp-content\/uploads\/2025\/05\/20250519_100122-scaled.jpg'><img loading=\"lazy\" decoding=\"async\" width=\"150\" height=\"150\" src=\"https:\/\/ariap.org\/wp-content\/uploads\/2025\/05\/20250519_100122-150x150.jpg\" class=\"attachment-thumbnail size-thumbnail\" alt=\"\" srcset=\"https:\/\/ariap.org\/wp-content\/uploads\/2025\/05\/20250519_100122-150x150.jpg 150w, https:\/\/ariap.org\/wp-content\/uploads\/2025\/05\/20250519_100122-200x200.jpg 200w, https:\/\/ariap.org\/wp-content\/uploads\/2025\/05\/20250519_100122-720x720.jpg 720w, https:\/\/ariap.org\/wp-content\/uploads\/2025\/05\/20250519_100122-300x300.jpg 300w, https:\/\/ariap.org\/wp-content\/uploads\/2025\/05\/20250519_100122-100x100.jpg 100w\" sizes=\"(max-width: 150px) 100vw, 150px\" \/><\/a>\n\t\t\t<\/dt><\/dl><br style=\"clear: both\" \/><dl class='gallery-item'>\n\t\t\t<dt class='gallery-icon landscape'>\n\t\t\t\t<a data-elementor-open-lightbox=\"yes\" data-elementor-lightbox-slideshow=\"60828e1a\" data-elementor-lightbox-title=\"20250519_100043\" data-e-action-hash=\"#elementor-action%3Aaction%3Dlightbox%26settings%3DeyJpZCI6NjQ0MywidXJsIjoiaHR0cHM6XC9cL2FyaWFwLm9yZ1wvd3AtY29udGVudFwvdXBsb2Fkc1wvMjAyNVwvMDVcLzIwMjUwNTE5XzEwMDA0My1zY2FsZWQuanBnIiwic2xpZGVzaG93IjoiNjA4MjhlMWEifQ%3D%3D\" href='https:\/\/ariap.org\/wp-content\/uploads\/2025\/05\/20250519_100043-scaled.jpg'><img loading=\"lazy\" decoding=\"async\" width=\"150\" height=\"150\" src=\"https:\/\/ariap.org\/wp-content\/uploads\/2025\/05\/20250519_100043-150x150.jpg\" class=\"attachment-thumbnail size-thumbnail\" alt=\"\" srcset=\"https:\/\/ariap.org\/wp-content\/uploads\/2025\/05\/20250519_100043-150x150.jpg 150w, https:\/\/ariap.org\/wp-content\/uploads\/2025\/05\/20250519_100043-200x200.jpg 200w, https:\/\/ariap.org\/wp-content\/uploads\/2025\/05\/20250519_100043-720x720.jpg 720w, https:\/\/ariap.org\/wp-content\/uploads\/2025\/05\/20250519_100043-300x300.jpg 300w, https:\/\/ariap.org\/wp-content\/uploads\/2025\/05\/20250519_100043-100x100.jpg 100w\" sizes=\"(max-width: 150px) 100vw, 150px\" \/><\/a>\n\t\t\t<\/dt><\/dl><dl class='gallery-item'>\n\t\t\t<dt class='gallery-icon landscape'>\n\t\t\t\t<a data-elementor-open-lightbox=\"yes\" data-elementor-lightbox-slideshow=\"60828e1a\" data-elementor-lightbox-title=\"20250519_100035\" data-e-action-hash=\"#elementor-action%3Aaction%3Dlightbox%26settings%3DeyJpZCI6NjQ0MSwidXJsIjoiaHR0cHM6XC9cL2FyaWFwLm9yZ1wvd3AtY29udGVudFwvdXBsb2Fkc1wvMjAyNVwvMDVcLzIwMjUwNTE5XzEwMDAzNS1zY2FsZWQuanBnIiwic2xpZGVzaG93IjoiNjA4MjhlMWEifQ%3D%3D\" href='https:\/\/ariap.org\/wp-content\/uploads\/2025\/05\/20250519_100035-scaled.jpg'><img loading=\"lazy\" decoding=\"async\" width=\"150\" height=\"150\" src=\"https:\/\/ariap.org\/wp-content\/uploads\/2025\/05\/20250519_100035-150x150.jpg\" class=\"attachment-thumbnail size-thumbnail\" alt=\"\" srcset=\"https:\/\/ariap.org\/wp-content\/uploads\/2025\/05\/20250519_100035-150x150.jpg 150w, https:\/\/ariap.org\/wp-content\/uploads\/2025\/05\/20250519_100035-200x200.jpg 200w, https:\/\/ariap.org\/wp-content\/uploads\/2025\/05\/20250519_100035-720x720.jpg 720w, https:\/\/ariap.org\/wp-content\/uploads\/2025\/05\/20250519_100035-300x300.jpg 300w, https:\/\/ariap.org\/wp-content\/uploads\/2025\/05\/20250519_100035-100x100.jpg 100w\" sizes=\"(max-width: 150px) 100vw, 150px\" \/><\/a>\n\t\t\t<\/dt><\/dl><dl class='gallery-item'>\n\t\t\t<dt class='gallery-icon landscape'>\n\t\t\t\t<a data-elementor-open-lightbox=\"yes\" data-elementor-lightbox-slideshow=\"60828e1a\" data-elementor-lightbox-title=\"20250519_095934\" data-e-action-hash=\"#elementor-action%3Aaction%3Dlightbox%26settings%3DeyJpZCI6NjQ0OSwidXJsIjoiaHR0cHM6XC9cL2FyaWFwLm9yZ1wvd3AtY29udGVudFwvdXBsb2Fkc1wvMjAyNVwvMDVcLzIwMjUwNTE5XzA5NTkzNC1zY2FsZWQuanBnIiwic2xpZGVzaG93IjoiNjA4MjhlMWEifQ%3D%3D\" href='https:\/\/ariap.org\/wp-content\/uploads\/2025\/05\/20250519_095934-scaled.jpg'><img loading=\"lazy\" decoding=\"async\" width=\"150\" height=\"150\" src=\"https:\/\/ariap.org\/wp-content\/uploads\/2025\/05\/20250519_095934-150x150.jpg\" class=\"attachment-thumbnail size-thumbnail\" alt=\"\" srcset=\"https:\/\/ariap.org\/wp-content\/uploads\/2025\/05\/20250519_095934-150x150.jpg 150w, https:\/\/ariap.org\/wp-content\/uploads\/2025\/05\/20250519_095934-200x200.jpg 200w, https:\/\/ariap.org\/wp-content\/uploads\/2025\/05\/20250519_095934-720x720.jpg 720w, https:\/\/ariap.org\/wp-content\/uploads\/2025\/05\/20250519_095934-300x300.jpg 300w, https:\/\/ariap.org\/wp-content\/uploads\/2025\/05\/20250519_095934-100x100.jpg 100w\" sizes=\"(max-width: 150px) 100vw, 150px\" \/><\/a>\n\t\t\t<\/dt><\/dl><br style=\"clear: both\" \/>\n\t\t<\/div>\n\t\t<\/div>\n\t\t\t\t\t\t<\/div>\n\t\t\t\t<\/div>\n\t\t\t\t<div class=\"elementor-element elementor-element-5eb7756e elementor-widget elementor-widget-wp-widget-search\" data-id=\"5eb7756e\" data-element_type=\"widget\" data-widget_type=\"wp-widget-search.default\">\n\t\t\t\t<div class=\"elementor-widget-container\">\n\t\t\t\t\t<h5>Buscar<\/h5><form role=\"search\" method=\"get\" id=\"searchform\" class=\"searchform\" action=\"https:\/\/ariap.org\/en\/\" data-trp-original-action=\"https:\/\/ariap.org\/en\/\">\n\t\t\t\t<div>\n\t\t\t\t\t<label class=\"screen-reader-text\" for=\"s\">Search for:<\/label>\n\t\t\t\t\t<input type=\"text\" value=\"\" name=\"s\" id=\"s\" \/>\n\t\t\t\t\t<input type=\"submit\" id=\"searchsubmit\" value=\"Search\" \/>\n\t\t\t\t<\/div>\n\t\t\t<input type=\"hidden\" name=\"trp-form-language\" value=\"en\"\/><\/form>\t\t\t\t<\/div>\n\t\t\t\t<\/div>\n\t\t\t\t<div class=\"elementor-element elementor-element-4bda89a7 elementor-widget elementor-widget-heading\" data-id=\"4bda89a7\" data-element_type=\"widget\" data-widget_type=\"heading.default\">\n\t\t\t\t<div class=\"elementor-widget-container\">\n\t\t\t\t\t<h3 class=\"elementor-heading-title elementor-size-default\">OBJETIVOS<\/h3>\t\t\t\t<\/div>\n\t\t\t\t<\/div>\n\t\t\t\t<div class=\"elementor-element elementor-element-51f6a5be elementor-widget elementor-widget-causes\" data-id=\"51f6a5be\" data-element_type=\"widget\" data-widget_type=\"causes.default\">\n\t\t\t\t<div class=\"elementor-widget-container\">\n\t\t\t\t\t\n    <div class=\"nd_donations_section nd_donations_masonry_content\">\n  <div class=\"nd_donations_width_100_percentage nd_donations_causes_widget_l2 nd_donations_width_100_percentage_responsive nd_donations_float_left nd_donations_masonry_item nd_donations_padding_10_0 nd_donations_box_sizing_border_box\">\n\n    <div class=\"nd_donations_section nd_donations_position_relative\">\n\n      <img decoding=\"async\" width=\"100\" alt=\"\" class=\"nd_donations_position_absolute nd_donations_left_0 nd_donations_top_0 nd_donations_postgrid_causes_single_cause_img\" src=\"https:\/\/ariap.org\/wp-content\/uploads\/2020\/06\/CAUSA01-200x200.jpg\">\n\n      <div class=\"nd_donations_section nd_donations_padding_left_120 nd_donations_box_sizing_border_box\">\n\n        <a class=\"nd_donations_section\" href=\"https:\/\/ariap.org\/en\/causes\/educacion-intercultural-bilingue\/\">\n          <h4 class=\"nd_donations_word_break_break_word nd_donations_margin_0_important nd_donations_letter_spacing_1\"><strong>Educaci\u00f3n Intercultural Biling\u00fce<\/strong><\/h4>\n        <\/a>\n        \n        <div class=\"nd_donations_section nd_donations_height_10\"><\/div>\n        \n        \n\n    <div class=\"nd_donations_section nd_donations_postgrid_causes_single_cause_info_donation\">\n        <div class=\"nd_donations_float_left nd_donations_width_50_percentage\">\n            <p class=\"nd_donations_font_size_11 nd_options_color_greydark nd_donations_line_height_11 nd_donations_letter_spacing_1 nd_donations_font_weight_500\">GOAL : <span class=\"nd_donations_margin_right_10 nd_options_color_grey\">99000 $<\/span><\/p>\n        <\/div>\n        <div class=\"nd_donations_float_left nd_donations_width_50_percentage\">\n            <p class=\"nd_donations_font_size_11 nd_donations_text_align_left nd_options_color_greydark nd_donations_line_height_11 nd_donations_letter_spacing_1 nd_donations_font_weight_500\">RAISED : <span class=\"nd_options_color_grey\">0 $<\/span><\/p>\n        <\/div>\n    <\/div>\n\n  \n        \n        <div class=\"nd_donations_section nd_donations_height_20\"><\/div>\n        \n        <a style=\"background-color:#f2a922\" class=\"nd_donations_font_size_10 nd_donations_line_height_10 nd_donations_color_white_important nd_donations_padding_5_10 nd_donations_letter_spacing_1\" href=\"https:\/\/ariap.org\/en\/causes\/educacion-intercultural-bilingue\/\"><strong>VIEW DETAILS<\/strong><\/a>\n\n    <\/div>\n\n  <\/div>\n    \n<\/div>\n  <div class=\"nd_donations_width_100_percentage nd_donations_causes_widget_l2 nd_donations_width_100_percentage_responsive nd_donations_float_left nd_donations_masonry_item nd_donations_padding_10_0 nd_donations_box_sizing_border_box\">\n\n    <div class=\"nd_donations_section nd_donations_position_relative\">\n\n      <img decoding=\"async\" width=\"100\" alt=\"\" class=\"nd_donations_position_absolute nd_donations_left_0 nd_donations_top_0 nd_donations_postgrid_causes_single_cause_img\" src=\"https:\/\/ariap.org\/wp-content\/uploads\/2020\/06\/CAUSA04-PRUEBA-200x200.jpg\">\n\n      <div class=\"nd_donations_section nd_donations_padding_left_120 nd_donations_box_sizing_border_box\">\n\n        <a class=\"nd_donations_section\" href=\"https:\/\/ariap.org\/en\/causes\/new-sustainability\/\">\n          <h4 class=\"nd_donations_word_break_break_word nd_donations_margin_0_important nd_donations_letter_spacing_1\"><strong>Comunicaciones y redes sociales<\/strong><\/h4>\n        <\/a>\n        \n        <div class=\"nd_donations_section nd_donations_height_10\"><\/div>\n        \n        \n\n    <div class=\"nd_donations_section nd_donations_postgrid_causes_single_cause_info_donation\">\n        <div class=\"nd_donations_float_left nd_donations_width_50_percentage\">\n            <p class=\"nd_donations_font_size_11 nd_options_color_greydark nd_donations_line_height_11 nd_donations_letter_spacing_1 nd_donations_font_weight_500\">GOAL : <span class=\"nd_donations_margin_right_10 nd_options_color_grey\">50000 $<\/span><\/p>\n        <\/div>\n        <div class=\"nd_donations_float_left nd_donations_width_50_percentage\">\n            <p class=\"nd_donations_font_size_11 nd_donations_text_align_left nd_options_color_greydark nd_donations_line_height_11 nd_donations_letter_spacing_1 nd_donations_font_weight_500\">RAISED : <span class=\"nd_options_color_grey\">0 $<\/span><\/p>\n        <\/div>\n    <\/div>\n\n  \n        \n        <div class=\"nd_donations_section nd_donations_height_20\"><\/div>\n        \n        <a style=\"background-color:#2272b6\" class=\"nd_donations_font_size_10 nd_donations_line_height_10 nd_donations_color_white_important nd_donations_padding_5_10 nd_donations_letter_spacing_1\" href=\"https:\/\/ariap.org\/en\/causes\/new-sustainability\/\"><strong>VIEW DETAILS<\/strong><\/a>\n\n    <\/div>\n\n  <\/div>\n    \n<\/div>\n    <\/div>\t\t\t\t<\/div>\n\t\t\t\t<\/div>\n\t\t\t\t\t<\/div>\n\t\t<\/div>\n\t\t\t\t\t<\/div>\n\t\t<\/section>\n\t\t\t\t<\/div>","protected":false},"excerpt":{"rendered":"<p>La Asociaci\u00f3n Ra\u00edces Ind\u00edgenas Amaz\u00f3nicas Peruanas (ARIAP) recibi\u00f3 con mucho agrado  la visita del Dr. \u00d3scar Alberto Espinosa de Rivero.<\/p>","protected":false},"author":1,"featured_media":6478,"comment_status":"closed","ping_status":"closed","sticky":false,"template":"","format":"standard","meta":{"_monsterinsights_skip_tracking":false,"_monsterinsights_sitenote_active":false,"_monsterinsights_sitenote_note":"","_monsterinsights_sitenote_category":0,"footnotes":""},"categories":[19,1],"tags":[37,41],"aioseo_notices":[],"_links":{"self":[{"href":"https:\/\/ariap.org\/en\/wp-json\/wp\/v2\/posts\/6440"}],"collection":[{"href":"https:\/\/ariap.org\/en\/wp-json\/wp\/v2\/posts"}],"about":[{"href":"https:\/\/ariap.org\/en\/wp-json\/wp\/v2\/types\/post"}],"author":[{"embeddable":true,"href":"https:\/\/ariap.org\/en\/wp-json\/wp\/v2\/users\/1"}],"replies":[{"embeddable":true,"href":"https:\/\/ariap.org\/en\/wp-json\/wp\/v2\/comments?post=6440"}],"version-history":[{"count":20,"href":"https:\/\/ariap.org\/en\/wp-json\/wp\/v2\/posts\/6440\/revisions"}],"predecessor-version":[{"id":6526,"href":"https:\/\/ariap.org\/en\/wp-json\/wp\/v2\/posts\/6440\/revisions\/6526"}],"wp:featuredmedia":[{"embeddable":true,"href":"https:\/\/ariap.org\/en\/wp-json\/wp\/v2\/media\/6478"}],"wp:attachment":[{"href":"https:\/\/ariap.org\/en\/wp-json\/wp\/v2\/media?parent=6440"}],"wp:term":[{"taxonomy":"category","embeddable":true,"href":"https:\/\/ariap.org\/en\/wp-json\/wp\/v2\/categories?post=6440"},{"taxonomy":"post_tag","embeddable":true,"href":"https:\/\/ariap.org\/en\/wp-json\/wp\/v2\/tags?post=6440"}],"curies":[{"name":"wp","href":"https:\/\/api.w.org\/{rel}","templated":true}]}}