{"id":6547,"date":"2025-07-18T10:24:39","date_gmt":"2025-07-18T15:24:39","guid":{"rendered":"https:\/\/ariap.org\/?p=6547"},"modified":"2025-07-18T11:23:26","modified_gmt":"2025-07-18T16:23:26","slug":"el-colectivo-educacion-comunitaria-intercultural-peru","status":"publish","type":"post","link":"https:\/\/ariap.org\/en\/el-colectivo-educacion-comunitaria-intercultural-peru\/","title":{"rendered":"El Colectivo Educaci\u00f3n Comunitaria Intercultural Per\u00fa fortalece una educaci\u00f3n desde los territorios y la vida comunitaria"},"content":{"rendered":"<div data-elementor-type=\"wp-post\" data-elementor-id=\"6547\" class=\"elementor elementor-6547\">\n\t\t\t\t\t\t<section class=\"elementor-section elementor-top-section elementor-element elementor-element-3ca88b55 elementor-section-stretched elementor-section-content-middle elementor-section-boxed elementor-section-height-default elementor-section-height-default\" data-id=\"3ca88b55\" data-element_type=\"section\" data-settings=\"{&quot;stretch_section&quot;:&quot;section-stretched&quot;,&quot;background_background&quot;:&quot;classic&quot;}\">\n\t\t\t\t\t\t\t<div class=\"elementor-background-overlay\"><\/div>\n\t\t\t\t\t\t\t<div class=\"elementor-container elementor-column-gap-default\">\n\t\t\t\t\t<div class=\"elementor-column elementor-col-100 elementor-top-column elementor-element elementor-element-67b29d47\" data-id=\"67b29d47\" data-element_type=\"column\">\n\t\t\t<div class=\"elementor-widget-wrap elementor-element-populated\">\n\t\t\t\t\t\t<div class=\"elementor-element elementor-element-6f9d621 elementor-widget elementor-widget-text-editor\" data-id=\"6f9d621\" data-element_type=\"widget\" data-widget_type=\"text-editor.default\">\n\t\t\t\t<div class=\"elementor-widget-container\">\n\t\t\t\t\t\t\t\t\t<p><span style=\"color: #ffffff;\">ARIAP, ALIADOS:<\/span><\/p>\t\t\t\t\t\t\t\t<\/div>\n\t\t\t\t<\/div>\n\t\t\t\t<div class=\"elementor-element elementor-element-202146f6 elementor-widget elementor-widget-heading\" data-id=\"202146f6\" data-element_type=\"widget\" data-widget_type=\"heading.default\">\n\t\t\t\t<div class=\"elementor-widget-container\">\n\t\t\t\t\t<h1 class=\"elementor-heading-title elementor-size-default\">Colectivo Educaci\u00f3n Comunitaria Intercultural Per\u00fa<\/h1>\t\t\t\t<\/div>\n\t\t\t\t<\/div>\n\t\t\t\t\t<\/div>\n\t\t<\/div>\n\t\t\t\t\t<\/div>\n\t\t<\/section>\n\t\t\t\t<section class=\"elementor-section elementor-top-section elementor-element elementor-element-35dada71 elementor-section-full_width elementor-section-height-default elementor-section-height-default\" data-id=\"35dada71\" data-element_type=\"section\">\n\t\t\t\t\t\t<div class=\"elementor-container elementor-column-gap-default\">\n\t\t\t\t\t<div class=\"elementor-column elementor-col-50 elementor-top-column elementor-element elementor-element-5bebec34\" data-id=\"5bebec34\" data-element_type=\"column\">\n\t\t\t<div class=\"elementor-widget-wrap elementor-element-populated\">\n\t\t\t\t\t\t<div class=\"elementor-element elementor-element-100a44c elementor-widget elementor-widget-text-editor\" data-id=\"100a44c\" data-element_type=\"widget\" data-widget_type=\"text-editor.default\">\n\t\t\t\t<div class=\"elementor-widget-container\">\n\t\t\t\t\t\t\t\t\t<p><strong>18 de Junio de 2025, Lima \u2013 Per\u00fa.<\/strong><\/p>\t\t\t\t\t\t\t\t<\/div>\n\t\t\t\t<\/div>\n\t\t\t\t<div class=\"elementor-element elementor-element-6fbb4993 elementor-widget__width-initial elementor-widget elementor-widget-text-editor\" data-id=\"6fbb4993\" data-element_type=\"widget\" data-widget_type=\"text-editor.default\">\n\t\t\t\t<div class=\"elementor-widget-container\">\n\t\t\t\t\t\t\t\t\t<p>El Colectivo Educaci\u00f3n Comunitaria Intercultural Per\u00fa (CECI Per\u00fa) emerge como un espacio colaborativo dedicado a promover una educaci\u00f3n que rescata y potencia la diversidad cultural, ling\u00fc\u00edstica y territorial del pa\u00eds. Su identidad colectiva es articular procesos de intercambio entre educadoras, educadores, l\u00edderes comunitarios, saberes ancestrales y j\u00f3venes, apostando por una pedagog\u00eda vivida desde los territorios.<\/p>\t\t\t\t\t\t\t\t<\/div>\n\t\t\t\t<\/div>\n\t\t\t\t<div class=\"elementor-element elementor-element-a3bd3b6 elementor-widget__width-initial elementor-widget elementor-widget-heading\" data-id=\"a3bd3b6\" data-element_type=\"widget\" data-widget_type=\"heading.default\">\n\t\t\t\t<div class=\"elementor-widget-container\">\n\t\t\t\t\t<h2 class=\"elementor-heading-title elementor-size-default\">PR\u00d3XIMO EVENTO | Tejiendo Aprendizajes Comunitarios en la Ciudad<\/h2>\t\t\t\t<\/div>\n\t\t\t\t<\/div>\n\t\t\t\t<div class=\"elementor-element elementor-element-f4381d0 elementor-widget elementor-widget-text-editor\" data-id=\"f4381d0\" data-element_type=\"widget\" data-widget_type=\"text-editor.default\">\n\t\t\t\t<div class=\"elementor-widget-container\">\n\t\t\t\t\t\t\t\t\t<p>El Encuentro de Educaci\u00f3n Comunitaria en Lima ser\u00e1 un espacio de di\u00e1logo e intercambio de saberes para reflexionar juntas y juntos sobre c\u00f3mo se vive y construye la educaci\u00f3n comunitaria en la ciudad. Este encuentro reunir\u00e1 experiencias que nacen de la memoria colectiva, el territorio urbano y las pr\u00e1cticas pedag\u00f3gicas desde la comunidad.<\/p><p><br><\/p>\n<p><img decoding=\"async\" draggable=\"false\" role=\"img\" class=\"emoji\" alt=\"\ud83d\uddd3\" src=\"https:\/\/s.w.org\/images\/core\/emoji\/14.0.0\/svg\/1f5d3.svg\"> Fecha: Mi\u00e9rcoles 6 de agosto<\/p>\n<p><img decoding=\"async\" draggable=\"false\" role=\"img\" class=\"emoji\" alt=\"\u23f0\" src=\"https:\/\/s.w.org\/images\/core\/emoji\/14.0.0\/svg\/23f0.svg\"> Hora: 8:00 a.m. a 4:00 p.m.<\/p>\n<p><img decoding=\"async\" draggable=\"false\" role=\"img\" class=\"emoji\" alt=\"\ud83d\udccd\" src=\"https:\/\/s.w.org\/images\/core\/emoji\/14.0.0\/svg\/1f4cd.svg\"> Lugar: Parque Voces por el Clima \u2013 Jr. General Belisario Su\u00e1rez, Santiago de Surco<\/p>\n<p><img decoding=\"async\" draggable=\"false\" role=\"img\" class=\"emoji\" alt=\"\ud83c\udf31\" src=\"https:\/\/s.w.org\/images\/core\/emoji\/14.0.0\/svg\/1f331.svg\"> Organizan: Colectivo de Educaci\u00f3n Comunitaria, Unidad de Educaci\u00f3n Comunitaria del Ministerio de Educaci\u00f3n, Colectivo Arena y Esteras, y PRATEC (Proyecto Andino de Tecnolog\u00edas Campesinas)<\/p><p><br><\/p>\n<p><img decoding=\"async\" draggable=\"false\" role=\"img\" class=\"emoji\" alt=\"\ud83d\udc49\" src=\"https:\/\/s.w.org\/images\/core\/emoji\/14.0.0\/svg\/1f449.svg\"> M\u00e1s informaci\u00f3n: https:\/\/pratec.org\/&#8230;\/encuentro-tejiendo-aprendizajes&#8230;<\/p>\n<p>El Colectivo invita a educadoras, educadores, estudiantes, organizaciones y ciudadan\u00eda en general a sumarse a este proceso de reflexi\u00f3n y construcci\u00f3n de una educaci\u00f3n m\u00e1s justa, con identidad cultural y en di\u00e1logo con los territorios.<\/p>\t\t\t\t\t\t\t\t<\/div>\n\t\t\t\t<\/div>\n\t\t\t\t<div class=\"elementor-element elementor-element-a47b8bc elementor-widget elementor-widget-image\" data-id=\"a47b8bc\" data-element_type=\"widget\" data-widget_type=\"image.default\">\n\t\t\t\t<div class=\"elementor-widget-container\">\n\t\t\t\t\t\t\t\t\t\t\t\t\t\t\t<img fetchpriority=\"high\" decoding=\"async\" width=\"1024\" height=\"504\" src=\"https:\/\/ariap.org\/wp-content\/uploads\/2025\/07\/000000-1024x504.jpg\" class=\"attachment-large size-large wp-image-6550\" alt=\"\" srcset=\"https:\/\/ariap.org\/wp-content\/uploads\/2025\/07\/000000-1024x504.jpg 1024w, https:\/\/ariap.org\/wp-content\/uploads\/2025\/07\/000000-300x148.jpg 300w, https:\/\/ariap.org\/wp-content\/uploads\/2025\/07\/000000-768x378.jpg 768w, https:\/\/ariap.org\/wp-content\/uploads\/2025\/07\/000000-600x295.jpg 600w, https:\/\/ariap.org\/wp-content\/uploads\/2025\/07\/000000.jpg 1373w\" sizes=\"(max-width: 1024px) 100vw, 1024px\" \/>\t\t\t\t\t\t\t\t\t\t\t\t\t\t\t<\/div>\n\t\t\t\t<\/div>\n\t\t\t\t<div class=\"elementor-element elementor-element-7ac90ad elementor-widget elementor-widget-heading\" data-id=\"7ac90ad\" data-element_type=\"widget\" data-widget_type=\"heading.default\">\n\t\t\t\t<div class=\"elementor-widget-container\">\n\t\t\t\t\t<h2 class=\"elementor-heading-title elementor-size-default\">REDES SOCIALES | S\u00edguenos en nuestras p\u00e1ginas<\/h2>\t\t\t\t<\/div>\n\t\t\t\t<\/div>\n\t\t\t\t<div class=\"elementor-element elementor-element-c49c416 elementor-widget elementor-widget-text-editor\" data-id=\"c49c416\" data-element_type=\"widget\" data-widget_type=\"text-editor.default\">\n\t\t\t\t<div class=\"elementor-widget-container\">\n\t\t\t\t\t\t\t\t\t<p>A trav\u00e9s de su p\u00e1gina oficial de Facebook, el Colectivo comparte reflexiones, materiales pedag\u00f3gicos, novedades y voces desde diferentes regiones del Per\u00fa. El objetivo es visibilizar las m\u00faltiples formas de aprender en comunidad y fortalecer la articulaci\u00f3n entre las experiencias urbanas y rurales.<\/p><p>\u00a0<\/p><p>El Colectivo comunica aprendizajes, fomentando el di\u00e1logo y la construcci\u00f3n conjunta de materiales educativos. Recientemente, la organizaci\u00f3n comparti\u00f3: \u201cLes invitamos a estar muy atentas y atentos a nuestras publicaciones: estaremos compartiendo reflexiones, materiales, novedades y voces desde los territorios\u201d<\/p><p>\u00a0<\/p><p style=\"text-align: justify;\" data-start=\"706\" data-end=\"859\">Uno de sus ejes de trabajo es el fortalecimiento de la Educaci\u00f3n Comunitaria Intercultural, desarrollada en conjunto con la DIGEIBIRA (Direcci\u00f3n de Educaci\u00f3n Intercultural Biling\u00fce y Rural), con la que han articulado actividades territoriales en regiones como Hu\u00e1nuco.\u00a0Adem\u00e1s, comparten informaci\u00f3n sobre encuentros nacionales \u2014como el\u00a0<em data-start=\"67\" data-end=\"117\">Encuentro Nacional de Educaci\u00f3n Comunitaria 2024\u00a0<\/em>\u2014 en el que participaron educadores y l\u00edderes del \u00e1mbito intercultural<\/p>\t\t\t\t\t\t\t\t<\/div>\n\t\t\t\t<\/div>\n\t\t<div class=\"elementor-element elementor-element-8f44be8 e-grid e-con-boxed e-con e-parent\" data-id=\"8f44be8\" data-element_type=\"container\">\n\t\t\t\t\t<div class=\"e-con-inner\">\n\t\t<div class=\"elementor-element elementor-element-f6af5ee e-con-full e-flex e-con e-child\" data-id=\"f6af5ee\" data-element_type=\"container\">\n\t\t\t\t<\/div>\n\t\t<div class=\"elementor-element elementor-element-f7d9944 e-con-full e-flex e-con e-child\" data-id=\"f7d9944\" data-element_type=\"container\">\n\t\t\t\t<\/div>\n\t\t\t\t\t<\/div>\n\t\t\t\t<\/div>\n\t\t\t\t<div class=\"elementor-element elementor-element-5c276a7 elementor-widget elementor-widget-heading\" data-id=\"5c276a7\" data-element_type=\"widget\" data-widget_type=\"heading.default\">\n\t\t\t\t<div class=\"elementor-widget-container\">\n\t\t\t\t\t<h2 class=\"elementor-heading-title elementor-size-default\">COMPROMETIDOS CON UNA EDUCACI\u00d3N QUE HONRA NUESTRAS RA\u00cdCES.<\/h2>\t\t\t\t<\/div>\n\t\t\t\t<\/div>\n\t\t\t\t<div class=\"elementor-element elementor-element-e5652f1 elementor-widget elementor-widget-text-editor\" data-id=\"e5652f1\" data-element_type=\"widget\" data-widget_type=\"text-editor.default\">\n\t\t\t\t<div class=\"elementor-widget-container\">\n\t\t\t\t\t\t\t\t\t<p data-start=\"2419\" data-end=\"2708\"><span style=\"text-align: justify;\">La educaci\u00f3n comunitaria intercultural \u2014enraizada en experiencias culturales propias\u2014 es valorada en el pa\u00eds como una herramienta de fortalecimiento identitario y de di\u00e1logo intercultural. Seg\u00fan recientes estudios, esta modalidad integra saberes ancestrales con competencia ciudadana y aprendizaje funcional, contribuyendo a herramientas pedag\u00f3gicas que respetan la identidad ind\u00edgena.<\/span><\/p><p data-start=\"2419\" data-end=\"2708\">\u00a0<\/p><h3 data-start=\"2615\" data-end=\"2653\"><img decoding=\"async\" class=\"emoji\" role=\"img\" draggable=\"false\" src=\"https:\/\/s.w.org\/images\/core\/emoji\/14.0.0\/svg\/1f4cc.svg\" alt=\"\ud83d\udccc\" \/> Contacto para prensa y redes:<\/h3><ul data-start=\"2654\" data-end=\"2905\"><li data-start=\"2654\" data-end=\"2697\"><p data-start=\"2656\" data-end=\"2697\"><strong data-start=\"2656\" data-end=\"2669\">Facebook:<\/strong> @educacioncomunitariaperu<\/p><\/li><li data-start=\"2698\" data-end=\"2762\"><p data-start=\"2700\" data-end=\"2762\"><strong data-start=\"2700\" data-end=\"2723\">Correo electr\u00f3nico:<\/strong> colecperu20@gmail.com<\/p><\/li><li data-start=\"2698\" data-end=\"2762\"><p data-start=\"2700\" data-end=\"2762\">#Educaci\u00f3nComunitaria #EncuentroLima #AprendizajesComunitarios #Interculturalidad #TejiendoSaberes #Lima #Per\u00fa<\/p><\/li><\/ul>\t\t\t\t\t\t\t\t<\/div>\n\t\t\t\t<\/div>\n\t\t\t\t\t<\/div>\n\t\t<\/div>\n\t\t\t\t<div class=\"elementor-column elementor-col-50 elementor-top-column elementor-element elementor-element-40b34c4f\" data-id=\"40b34c4f\" data-element_type=\"column\">\n\t\t\t<div class=\"elementor-widget-wrap elementor-element-populated\">\n\t\t\t\t\t\t<div class=\"elementor-element elementor-element-428154f2 elementor-widget elementor-widget-wp-widget-calendar\" data-id=\"428154f2\" data-element_type=\"widget\" data-widget_type=\"wp-widget-calendar.default\">\n\t\t\t\t<div class=\"elementor-widget-container\">\n\t\t\t\t\t<div id=\"calendar_wrap\" class=\"calendar_wrap\"><table id=\"wp-calendar\" class=\"wp-calendar-table\">\n\t<caption>April 2026<\/caption>\n\t<thead>\n\t<tr>\n\t\t<th scope=\"col\" title=\"Monday\">M<\/th>\n\t\t<th scope=\"col\" title=\"Tuesday\">T<\/th>\n\t\t<th scope=\"col\" title=\"Wednesday\">W<\/th>\n\t\t<th scope=\"col\" title=\"Thursday\">T<\/th>\n\t\t<th scope=\"col\" title=\"Friday\">F<\/th>\n\t\t<th scope=\"col\" title=\"Saturday\">S<\/th>\n\t\t<th scope=\"col\" title=\"Sunday\">S<\/th>\n\t<\/tr>\n\t<\/thead>\n\t<tbody>\n\t<tr>\n\t\t<td colspan=\"2\" class=\"pad\">&nbsp;<\/td><td>1<\/td><td>2<\/td><td>3<\/td><td>4<\/td><td>5<\/td>\n\t<\/tr>\n\t<tr>\n\t\t<td>6<\/td><td>7<\/td><td>8<\/td><td>9<\/td><td>10<\/td><td>11<\/td><td>12<\/td>\n\t<\/tr>\n\t<tr>\n\t\t<td>13<\/td><td>14<\/td><td>15<\/td><td>16<\/td><td>17<\/td><td>18<\/td><td>19<\/td>\n\t<\/tr>\n\t<tr>\n\t\t<td>20<\/td><td>21<\/td><td>22<\/td><td>23<\/td><td>24<\/td><td>25<\/td><td>26<\/td>\n\t<\/tr>\n\t<tr>\n\t\t<td>27<\/td><td id=\"today\">28<\/td><td>29<\/td><td>30<\/td>\n\t\t<td class=\"pad\" colspan=\"3\">&nbsp;<\/td>\n\t<\/tr>\n\t<\/tbody>\n\t<\/table><nav aria-label=\"Previous and next months\" class=\"wp-calendar-nav\">\n\t\t<span class=\"wp-calendar-nav-prev\"><a href=\"https:\/\/ariap.org\/en\/2025\/07\/\">&laquo; Jul<\/a><\/span>\n\t\t<span class=\"pad\">&nbsp;<\/span>\n\t\t<span class=\"wp-calendar-nav-next\">&nbsp;<\/span>\n\t<\/nav><\/div>\t\t\t\t<\/div>\n\t\t\t\t<\/div>\n\t\t\t\t<div class=\"elementor-element elementor-element-66e52b5 elementor-widget elementor-widget-spacer\" data-id=\"66e52b5\" data-element_type=\"widget\" data-widget_type=\"spacer.default\">\n\t\t\t\t<div class=\"elementor-widget-container\">\n\t\t\t\t\t\t\t<div class=\"elementor-spacer\">\n\t\t\t<div class=\"elementor-spacer-inner\"><\/div>\n\t\t<\/div>\n\t\t\t\t\t\t<\/div>\n\t\t\t\t<\/div>\n\t\t\t\t<div class=\"elementor-element elementor-element-60828e1a gallery-spacing-custom elementor-widget elementor-widget-image-gallery\" data-id=\"60828e1a\" data-element_type=\"widget\" data-widget_type=\"image-gallery.default\">\n\t\t\t\t<div class=\"elementor-widget-container\">\n\t\t\t\t\t\t\t<div class=\"elementor-image-gallery\">\n\t\t\t\n\t\t<style type=\"text\/css\">\n\t\t\t#gallery-1 {\n\t\t\t\tmargin: auto;\n\t\t\t}\n\t\t\t#gallery-1 .gallery-item {\n\t\t\t\tfloat: left;\n\t\t\t\tmargin-top: 10px;\n\t\t\t\ttext-align: center;\n\t\t\t\twidth: 33%;\n\t\t\t}\n\t\t\t#gallery-1 img {\n\t\t\t\tborder: 2px solid #cfcfcf;\n\t\t\t}\n\t\t\t#gallery-1 .gallery-caption {\n\t\t\t\tmargin-left: 0;\n\t\t\t}\n\t\t\t\/* see gallery_shortcode() in wp-includes\/media.php *\/\n\t\t<\/style>\n\t\t<div id='gallery-1' class='gallery galleryid-6547 gallery-columns-3 gallery-size-thumbnail'><dl class='gallery-item'>\n\t\t\t<dt class='gallery-icon portrait'>\n\t\t\t\t<a data-elementor-open-lightbox=\"yes\" data-elementor-lightbox-slideshow=\"60828e1a\" data-elementor-lightbox-title=\"508684465_1154439420044680_5685892156393676323_n\" data-e-action-hash=\"#elementor-action%3Aaction%3Dlightbox%26settings%3DeyJpZCI6NjU1NiwidXJsIjoiaHR0cHM6XC9cL2FyaWFwLm9yZ1wvd3AtY29udGVudFwvdXBsb2Fkc1wvMjAyNVwvMDdcLzUwODY4NDQ2NV8xMTU0NDM5NDIwMDQ0NjgwXzU2ODU4OTIxNTYzOTM2NzYzMjNfbi5qcGciLCJzbGlkZXNob3ciOiI2MDgyOGUxYSJ9\" href='https:\/\/ariap.org\/wp-content\/uploads\/2025\/07\/508684465_1154439420044680_5685892156393676323_n.jpg'><img decoding=\"async\" width=\"150\" height=\"150\" src=\"https:\/\/ariap.org\/wp-content\/uploads\/2025\/07\/508684465_1154439420044680_5685892156393676323_n-150x150.jpg\" class=\"attachment-thumbnail size-thumbnail\" alt=\"\" srcset=\"https:\/\/ariap.org\/wp-content\/uploads\/2025\/07\/508684465_1154439420044680_5685892156393676323_n-150x150.jpg 150w, https:\/\/ariap.org\/wp-content\/uploads\/2025\/07\/508684465_1154439420044680_5685892156393676323_n-200x200.jpg 200w, https:\/\/ariap.org\/wp-content\/uploads\/2025\/07\/508684465_1154439420044680_5685892156393676323_n-720x720.jpg 720w, https:\/\/ariap.org\/wp-content\/uploads\/2025\/07\/508684465_1154439420044680_5685892156393676323_n-300x300.jpg 300w, https:\/\/ariap.org\/wp-content\/uploads\/2025\/07\/508684465_1154439420044680_5685892156393676323_n-100x100.jpg 100w\" sizes=\"(max-width: 150px) 100vw, 150px\" \/><\/a>\n\t\t\t<\/dt><\/dl><dl class='gallery-item'>\n\t\t\t<dt class='gallery-icon landscape'>\n\t\t\t\t<a data-elementor-open-lightbox=\"yes\" data-elementor-lightbox-slideshow=\"60828e1a\" data-elementor-lightbox-title=\"511167863_1159949109493711_1488441278262314171_n\" data-e-action-hash=\"#elementor-action%3Aaction%3Dlightbox%26settings%3DeyJpZCI6NjU1NywidXJsIjoiaHR0cHM6XC9cL2FyaWFwLm9yZ1wvd3AtY29udGVudFwvdXBsb2Fkc1wvMjAyNVwvMDdcLzUxMTE2Nzg2M18xMTU5OTQ5MTA5NDkzNzExXzE0ODg0NDEyNzgyNjIzMTQxNzFfbi5qcGciLCJzbGlkZXNob3ciOiI2MDgyOGUxYSJ9\" href='https:\/\/ariap.org\/wp-content\/uploads\/2025\/07\/511167863_1159949109493711_1488441278262314171_n.jpg'><img decoding=\"async\" width=\"150\" height=\"150\" src=\"https:\/\/ariap.org\/wp-content\/uploads\/2025\/07\/511167863_1159949109493711_1488441278262314171_n-150x150.jpg\" class=\"attachment-thumbnail size-thumbnail\" alt=\"\" srcset=\"https:\/\/ariap.org\/wp-content\/uploads\/2025\/07\/511167863_1159949109493711_1488441278262314171_n-150x150.jpg 150w, https:\/\/ariap.org\/wp-content\/uploads\/2025\/07\/511167863_1159949109493711_1488441278262314171_n-200x200.jpg 200w, https:\/\/ariap.org\/wp-content\/uploads\/2025\/07\/511167863_1159949109493711_1488441278262314171_n-720x720.jpg 720w, https:\/\/ariap.org\/wp-content\/uploads\/2025\/07\/511167863_1159949109493711_1488441278262314171_n-300x300.jpg 300w, https:\/\/ariap.org\/wp-content\/uploads\/2025\/07\/511167863_1159949109493711_1488441278262314171_n-100x100.jpg 100w\" sizes=\"(max-width: 150px) 100vw, 150px\" \/><\/a>\n\t\t\t<\/dt><\/dl><dl class='gallery-item'>\n\t\t\t<dt class='gallery-icon landscape'>\n\t\t\t\t<a data-elementor-open-lightbox=\"yes\" data-elementor-lightbox-slideshow=\"60828e1a\" data-elementor-lightbox-title=\"511005273_1159950896160199_2683666554735087762_n\" data-e-action-hash=\"#elementor-action%3Aaction%3Dlightbox%26settings%3DeyJpZCI6NjU1OCwidXJsIjoiaHR0cHM6XC9cL2FyaWFwLm9yZ1wvd3AtY29udGVudFwvdXBsb2Fkc1wvMjAyNVwvMDdcLzUxMTAwNTI3M18xMTU5OTUwODk2MTYwMTk5XzI2ODM2NjY1NTQ3MzUwODc3NjJfbi5qcGciLCJzbGlkZXNob3ciOiI2MDgyOGUxYSJ9\" href='https:\/\/ariap.org\/wp-content\/uploads\/2025\/07\/511005273_1159950896160199_2683666554735087762_n.jpg'><img loading=\"lazy\" decoding=\"async\" width=\"150\" height=\"150\" src=\"https:\/\/ariap.org\/wp-content\/uploads\/2025\/07\/511005273_1159950896160199_2683666554735087762_n-150x150.jpg\" class=\"attachment-thumbnail size-thumbnail\" alt=\"\" srcset=\"https:\/\/ariap.org\/wp-content\/uploads\/2025\/07\/511005273_1159950896160199_2683666554735087762_n-150x150.jpg 150w, https:\/\/ariap.org\/wp-content\/uploads\/2025\/07\/511005273_1159950896160199_2683666554735087762_n-200x200.jpg 200w, https:\/\/ariap.org\/wp-content\/uploads\/2025\/07\/511005273_1159950896160199_2683666554735087762_n-720x720.jpg 720w, https:\/\/ariap.org\/wp-content\/uploads\/2025\/07\/511005273_1159950896160199_2683666554735087762_n-300x300.jpg 300w, https:\/\/ariap.org\/wp-content\/uploads\/2025\/07\/511005273_1159950896160199_2683666554735087762_n-100x100.jpg 100w\" sizes=\"(max-width: 150px) 100vw, 150px\" \/><\/a>\n\t\t\t<\/dt><\/dl><br style=\"clear: both\" \/><dl class='gallery-item'>\n\t\t\t<dt class='gallery-icon landscape'>\n\t\t\t\t<a data-elementor-open-lightbox=\"yes\" data-elementor-lightbox-slideshow=\"60828e1a\" data-elementor-lightbox-title=\"511267907_1159953566159932_2364271222376671713_n\" data-e-action-hash=\"#elementor-action%3Aaction%3Dlightbox%26settings%3DeyJpZCI6NjU1OSwidXJsIjoiaHR0cHM6XC9cL2FyaWFwLm9yZ1wvd3AtY29udGVudFwvdXBsb2Fkc1wvMjAyNVwvMDdcLzUxMTI2NzkwN18xMTU5OTUzNTY2MTU5OTMyXzIzNjQyNzEyMjIzNzY2NzE3MTNfbi5qcGciLCJzbGlkZXNob3ciOiI2MDgyOGUxYSJ9\" href='https:\/\/ariap.org\/wp-content\/uploads\/2025\/07\/511267907_1159953566159932_2364271222376671713_n.jpg'><img loading=\"lazy\" decoding=\"async\" width=\"150\" height=\"150\" src=\"https:\/\/ariap.org\/wp-content\/uploads\/2025\/07\/511267907_1159953566159932_2364271222376671713_n-150x150.jpg\" class=\"attachment-thumbnail size-thumbnail\" alt=\"\" srcset=\"https:\/\/ariap.org\/wp-content\/uploads\/2025\/07\/511267907_1159953566159932_2364271222376671713_n-150x150.jpg 150w, https:\/\/ariap.org\/wp-content\/uploads\/2025\/07\/511267907_1159953566159932_2364271222376671713_n-200x200.jpg 200w, https:\/\/ariap.org\/wp-content\/uploads\/2025\/07\/511267907_1159953566159932_2364271222376671713_n-720x720.jpg 720w, https:\/\/ariap.org\/wp-content\/uploads\/2025\/07\/511267907_1159953566159932_2364271222376671713_n-300x300.jpg 300w, https:\/\/ariap.org\/wp-content\/uploads\/2025\/07\/511267907_1159953566159932_2364271222376671713_n-100x100.jpg 100w\" sizes=\"(max-width: 150px) 100vw, 150px\" \/><\/a>\n\t\t\t<\/dt><\/dl><dl class='gallery-item'>\n\t\t\t<dt class='gallery-icon landscape'>\n\t\t\t\t<a data-elementor-open-lightbox=\"yes\" data-elementor-lightbox-slideshow=\"60828e1a\" data-elementor-lightbox-title=\"511999473_30173856942230204_6225644383304519661_n\" data-e-action-hash=\"#elementor-action%3Aaction%3Dlightbox%26settings%3DeyJpZCI6NjU2MCwidXJsIjoiaHR0cHM6XC9cL2FyaWFwLm9yZ1wvd3AtY29udGVudFwvdXBsb2Fkc1wvMjAyNVwvMDdcLzUxMTk5OTQ3M18zMDE3Mzg1Njk0MjIzMDIwNF82MjI1NjQ0MzgzMzA0NTE5NjYxX24uanBnIiwic2xpZGVzaG93IjoiNjA4MjhlMWEifQ%3D%3D\" href='https:\/\/ariap.org\/wp-content\/uploads\/2025\/07\/511999473_30173856942230204_6225644383304519661_n.jpg'><img loading=\"lazy\" decoding=\"async\" width=\"150\" height=\"150\" src=\"https:\/\/ariap.org\/wp-content\/uploads\/2025\/07\/511999473_30173856942230204_6225644383304519661_n-150x150.jpg\" class=\"attachment-thumbnail size-thumbnail\" alt=\"\" srcset=\"https:\/\/ariap.org\/wp-content\/uploads\/2025\/07\/511999473_30173856942230204_6225644383304519661_n-150x150.jpg 150w, https:\/\/ariap.org\/wp-content\/uploads\/2025\/07\/511999473_30173856942230204_6225644383304519661_n-200x200.jpg 200w, https:\/\/ariap.org\/wp-content\/uploads\/2025\/07\/511999473_30173856942230204_6225644383304519661_n-720x720.jpg 720w, https:\/\/ariap.org\/wp-content\/uploads\/2025\/07\/511999473_30173856942230204_6225644383304519661_n-300x300.jpg 300w, https:\/\/ariap.org\/wp-content\/uploads\/2025\/07\/511999473_30173856942230204_6225644383304519661_n-100x100.jpg 100w\" sizes=\"(max-width: 150px) 100vw, 150px\" \/><\/a>\n\t\t\t<\/dt><\/dl><dl class='gallery-item'>\n\t\t\t<dt class='gallery-icon landscape'>\n\t\t\t\t<a data-elementor-open-lightbox=\"yes\" data-elementor-lightbox-slideshow=\"60828e1a\" data-elementor-lightbox-title=\"495030124_1121898946632061_8705602413587553712_n\" data-e-action-hash=\"#elementor-action%3Aaction%3Dlightbox%26settings%3DeyJpZCI6NjU2MSwidXJsIjoiaHR0cHM6XC9cL2FyaWFwLm9yZ1wvd3AtY29udGVudFwvdXBsb2Fkc1wvMjAyNVwvMDdcLzQ5NTAzMDEyNF8xMTIxODk4OTQ2NjMyMDYxXzg3MDU2MDI0MTM1ODc1NTM3MTJfbi5qcGciLCJzbGlkZXNob3ciOiI2MDgyOGUxYSJ9\" href='https:\/\/ariap.org\/wp-content\/uploads\/2025\/07\/495030124_1121898946632061_8705602413587553712_n.jpg'><img loading=\"lazy\" decoding=\"async\" width=\"150\" height=\"150\" src=\"https:\/\/ariap.org\/wp-content\/uploads\/2025\/07\/495030124_1121898946632061_8705602413587553712_n-150x150.jpg\" class=\"attachment-thumbnail size-thumbnail\" alt=\"\" srcset=\"https:\/\/ariap.org\/wp-content\/uploads\/2025\/07\/495030124_1121898946632061_8705602413587553712_n-150x150.jpg 150w, https:\/\/ariap.org\/wp-content\/uploads\/2025\/07\/495030124_1121898946632061_8705602413587553712_n-200x200.jpg 200w, https:\/\/ariap.org\/wp-content\/uploads\/2025\/07\/495030124_1121898946632061_8705602413587553712_n-720x720.jpg 720w, https:\/\/ariap.org\/wp-content\/uploads\/2025\/07\/495030124_1121898946632061_8705602413587553712_n-300x300.jpg 300w, https:\/\/ariap.org\/wp-content\/uploads\/2025\/07\/495030124_1121898946632061_8705602413587553712_n-100x100.jpg 100w\" sizes=\"(max-width: 150px) 100vw, 150px\" \/><\/a>\n\t\t\t<\/dt><\/dl><br style=\"clear: both\" \/>\n\t\t<\/div>\n\t\t<\/div>\n\t\t\t\t\t\t<\/div>\n\t\t\t\t<\/div>\n\t\t\t\t<div class=\"elementor-element elementor-element-5eb7756e elementor-widget elementor-widget-wp-widget-search\" data-id=\"5eb7756e\" data-element_type=\"widget\" data-widget_type=\"wp-widget-search.default\">\n\t\t\t\t<div class=\"elementor-widget-container\">\n\t\t\t\t\t<h5>Buscar<\/h5><form role=\"search\" method=\"get\" id=\"searchform\" class=\"searchform\" action=\"https:\/\/ariap.org\/en\/\" data-trp-original-action=\"https:\/\/ariap.org\/en\/\">\n\t\t\t\t<div>\n\t\t\t\t\t<label class=\"screen-reader-text\" for=\"s\">Search for:<\/label>\n\t\t\t\t\t<input type=\"text\" value=\"\" name=\"s\" id=\"s\" \/>\n\t\t\t\t\t<input type=\"submit\" id=\"searchsubmit\" value=\"Search\" \/>\n\t\t\t\t<\/div>\n\t\t\t<input type=\"hidden\" name=\"trp-form-language\" value=\"en\"\/><\/form>\t\t\t\t<\/div>\n\t\t\t\t<\/div>\n\t\t\t\t<div class=\"elementor-element elementor-element-4bda89a7 elementor-widget elementor-widget-heading\" data-id=\"4bda89a7\" data-element_type=\"widget\" data-widget_type=\"heading.default\">\n\t\t\t\t<div class=\"elementor-widget-container\">\n\t\t\t\t\t<h3 class=\"elementor-heading-title elementor-size-default\">OBJETIVOS<\/h3>\t\t\t\t<\/div>\n\t\t\t\t<\/div>\n\t\t\t\t<div class=\"elementor-element elementor-element-51f6a5be elementor-widget elementor-widget-causes\" data-id=\"51f6a5be\" data-element_type=\"widget\" data-widget_type=\"causes.default\">\n\t\t\t\t<div class=\"elementor-widget-container\">\n\t\t\t\t\t\n    <div class=\"nd_donations_section nd_donations_masonry_content\">\n  <div class=\"nd_donations_width_100_percentage nd_donations_causes_widget_l2 nd_donations_width_100_percentage_responsive nd_donations_float_left nd_donations_masonry_item nd_donations_padding_10_0 nd_donations_box_sizing_border_box\">\n\n    <div class=\"nd_donations_section nd_donations_position_relative\">\n\n      <img decoding=\"async\" width=\"100\" alt=\"\" class=\"nd_donations_position_absolute nd_donations_left_0 nd_donations_top_0 nd_donations_postgrid_causes_single_cause_img\" src=\"https:\/\/ariap.org\/wp-content\/uploads\/2020\/06\/CAUSA01-200x200.jpg\">\n\n      <div class=\"nd_donations_section nd_donations_padding_left_120 nd_donations_box_sizing_border_box\">\n\n        <a class=\"nd_donations_section\" href=\"https:\/\/ariap.org\/en\/causes\/educacion-intercultural-bilingue\/\">\n          <h4 class=\"nd_donations_word_break_break_word nd_donations_margin_0_important nd_donations_letter_spacing_1\"><strong>Educaci\u00f3n Intercultural Biling\u00fce<\/strong><\/h4>\n        <\/a>\n        \n        <div class=\"nd_donations_section nd_donations_height_10\"><\/div>\n        \n        \n\n    <div class=\"nd_donations_section nd_donations_postgrid_causes_single_cause_info_donation\">\n        <div class=\"nd_donations_float_left nd_donations_width_50_percentage\">\n            <p class=\"nd_donations_font_size_11 nd_options_color_greydark nd_donations_line_height_11 nd_donations_letter_spacing_1 nd_donations_font_weight_500\">GOAL : <span class=\"nd_donations_margin_right_10 nd_options_color_grey\">99000 $<\/span><\/p>\n        <\/div>\n        <div class=\"nd_donations_float_left nd_donations_width_50_percentage\">\n            <p class=\"nd_donations_font_size_11 nd_donations_text_align_left nd_options_color_greydark nd_donations_line_height_11 nd_donations_letter_spacing_1 nd_donations_font_weight_500\">RAISED : <span class=\"nd_options_color_grey\">0 $<\/span><\/p>\n        <\/div>\n    <\/div>\n\n  \n        \n        <div class=\"nd_donations_section nd_donations_height_20\"><\/div>\n        \n        <a style=\"background-color:#f2a922\" class=\"nd_donations_font_size_10 nd_donations_line_height_10 nd_donations_color_white_important nd_donations_padding_5_10 nd_donations_letter_spacing_1\" href=\"https:\/\/ariap.org\/en\/causes\/educacion-intercultural-bilingue\/\"><strong>VIEW DETAILS<\/strong><\/a>\n\n    <\/div>\n\n  <\/div>\n    \n<\/div>\n  <div class=\"nd_donations_width_100_percentage nd_donations_causes_widget_l2 nd_donations_width_100_percentage_responsive nd_donations_float_left nd_donations_masonry_item nd_donations_padding_10_0 nd_donations_box_sizing_border_box\">\n\n    <div class=\"nd_donations_section nd_donations_position_relative\">\n\n      <img decoding=\"async\" width=\"100\" alt=\"\" class=\"nd_donations_position_absolute nd_donations_left_0 nd_donations_top_0 nd_donations_postgrid_causes_single_cause_img\" src=\"https:\/\/ariap.org\/wp-content\/uploads\/2020\/06\/CAUSA04-PRUEBA-200x200.jpg\">\n\n      <div class=\"nd_donations_section nd_donations_padding_left_120 nd_donations_box_sizing_border_box\">\n\n        <a class=\"nd_donations_section\" href=\"https:\/\/ariap.org\/en\/causes\/new-sustainability\/\">\n          <h4 class=\"nd_donations_word_break_break_word nd_donations_margin_0_important nd_donations_letter_spacing_1\"><strong>Comunicaciones y redes sociales<\/strong><\/h4>\n        <\/a>\n        \n        <div class=\"nd_donations_section nd_donations_height_10\"><\/div>\n        \n        \n\n    <div class=\"nd_donations_section nd_donations_postgrid_causes_single_cause_info_donation\">\n        <div class=\"nd_donations_float_left nd_donations_width_50_percentage\">\n            <p class=\"nd_donations_font_size_11 nd_options_color_greydark nd_donations_line_height_11 nd_donations_letter_spacing_1 nd_donations_font_weight_500\">GOAL : <span class=\"nd_donations_margin_right_10 nd_options_color_grey\">50000 $<\/span><\/p>\n        <\/div>\n        <div class=\"nd_donations_float_left nd_donations_width_50_percentage\">\n            <p class=\"nd_donations_font_size_11 nd_donations_text_align_left nd_options_color_greydark nd_donations_line_height_11 nd_donations_letter_spacing_1 nd_donations_font_weight_500\">RAISED : <span class=\"nd_options_color_grey\">0 $<\/span><\/p>\n        <\/div>\n    <\/div>\n\n  \n        \n        <div class=\"nd_donations_section nd_donations_height_20\"><\/div>\n        \n        <a style=\"background-color:#2272b6\" class=\"nd_donations_font_size_10 nd_donations_line_height_10 nd_donations_color_white_important nd_donations_padding_5_10 nd_donations_letter_spacing_1\" href=\"https:\/\/ariap.org\/en\/causes\/new-sustainability\/\"><strong>VIEW DETAILS<\/strong><\/a>\n\n    <\/div>\n\n  <\/div>\n    \n<\/div>\n    <\/div>\t\t\t\t<\/div>\n\t\t\t\t<\/div>\n\t\t\t\t\t<\/div>\n\t\t<\/div>\n\t\t\t\t\t<\/div>\n\t\t<\/section>\n\t\t\t\t<\/div>","protected":false},"excerpt":{"rendered":"<p>Comprometidos con una educaci\u00f3n transformadora, construida desde los territorios, los saberes ancestrales y la participaci\u00f3n de las comunidades.<\/p>","protected":false},"author":1,"featured_media":6554,"comment_status":"closed","ping_status":"closed","sticky":false,"template":"","format":"standard","meta":{"_monsterinsights_skip_tracking":false,"_monsterinsights_sitenote_active":false,"_monsterinsights_sitenote_note":"","_monsterinsights_sitenote_category":0,"footnotes":""},"categories":[19,1],"tags":[37,41],"aioseo_notices":[],"_links":{"self":[{"href":"https:\/\/ariap.org\/en\/wp-json\/wp\/v2\/posts\/6547"}],"collection":[{"href":"https:\/\/ariap.org\/en\/wp-json\/wp\/v2\/posts"}],"about":[{"href":"https:\/\/ariap.org\/en\/wp-json\/wp\/v2\/types\/post"}],"author":[{"embeddable":true,"href":"https:\/\/ariap.org\/en\/wp-json\/wp\/v2\/users\/1"}],"replies":[{"embeddable":true,"href":"https:\/\/ariap.org\/en\/wp-json\/wp\/v2\/comments?post=6547"}],"version-history":[{"count":24,"href":"https:\/\/ariap.org\/en\/wp-json\/wp\/v2\/posts\/6547\/revisions"}],"predecessor-version":[{"id":6587,"href":"https:\/\/ariap.org\/en\/wp-json\/wp\/v2\/posts\/6547\/revisions\/6587"}],"wp:featuredmedia":[{"embeddable":true,"href":"https:\/\/ariap.org\/en\/wp-json\/wp\/v2\/media\/6554"}],"wp:attachment":[{"href":"https:\/\/ariap.org\/en\/wp-json\/wp\/v2\/media?parent=6547"}],"wp:term":[{"taxonomy":"category","embeddable":true,"href":"https:\/\/ariap.org\/en\/wp-json\/wp\/v2\/categories?post=6547"},{"taxonomy":"post_tag","embeddable":true,"href":"https:\/\/ariap.org\/en\/wp-json\/wp\/v2\/tags?post=6547"}],"curies":[{"name":"wp","href":"https:\/\/api.w.org\/{rel}","templated":true}]}}